{"id":1937,"date":"2025-01-28T05:08:30","date_gmt":"2025-01-28T05:08:30","guid":{"rendered":"https:\/\/assessoriaboren.com\/?p=1937"},"modified":"2025-01-28T06:01:28","modified_gmt":"2025-01-28T06:01:28","slug":"contratos-flex-living-que-son-y-son-legales","status":"publish","type":"post","link":"https:\/\/assessoriaboren.com\/es\/contratos-flex-living-que-son-y-son-legales\/","title":{"rendered":"Contratos Flex Living: \u00bfQu\u00e9 son y c\u00f3mo funcionan?"},"content":{"rendered":"\n<p>La vivienda est\u00e1 cambiando, y con ella, los modelos de alquiler. En los \u00faltimos a\u00f1os, hemos visto un crecimiento del llamado <strong>Flex Living<\/strong>, un tipo de contrato de arrendamiento que busca adaptarse a las necesidades de flexibilidad de los inquilinos y propietarios. Sin embargo, este modelo plantea muchas preguntas, especialmente en cuanto a su encaje legal en Catalu\u00f1a. En <strong>Assessoria Bor\u00e9n<\/strong>, queremos ayudarte a entender qu\u00e9 son estos contratos y c\u00f3mo gestionarlos correctamente.<\/p>\n\n\n\n<h3 class=\"wp-block-heading\">\u00bfQu\u00e9 es el Flex Living?<\/h3>\n\n\n\n<p>El <strong>Flex Living<\/strong> se refiere a contratos de alquiler que ofrecen <strong>estancias m\u00e1s flexibles<\/strong>, adaptadas a las necesidades de personas que requieren vivienda temporal por motivos laborales, acad\u00e9micos o de otro tipo. Este modelo permite alquileres a partir de unos pocos meses hasta per\u00edodos m\u00e1s largos, pero siempre manteniendo la flexibilidad como eje central.<\/p>\n\n\n\n<p>Por lo general, estos contratos suelen incluir servicios adicionales, como limpieza, WiFi o suministros incluidos, y se dirigen a un perfil de inquilino que busca comodidad sin comprometerse a largo plazo.<\/p>\n\n\n\n<h3 class=\"wp-block-heading\">\u00bfEs legal el Flex Living en Catalu\u00f1a?<\/h3>\n\n\n\n<p>En Catalu\u00f1a, el alquiler est\u00e1 regulado principalmente por la <strong>Ley de Arrendamientos Urbanos (LAU)<\/strong> y por la normativa auton\u00f3mica en materia de vivienda. Aunque el Flex Living puede parecer innovador, es fundamental que los contratos cumplan con la legalidad vigente.<\/p>\n\n\n\n<p>Algunos puntos clave:<\/p>\n\n\n\n<ol class=\"wp-block-list\">\n<li><strong>Duraci\u00f3n m\u00ednima y m\u00e1xima:<\/strong> Seg\u00fan la LAU, los contratos de vivienda habitual deben tener una duraci\u00f3n m\u00ednima de <strong>5 a\u00f1os<\/strong> (o 7 si el arrendador es una empresa). No obstante, si el contrato es para uso distinto al de vivienda habitual (por ejemplo, alquileres temporales), esta norma no aplica, pero debe justificarse debidamente el uso no habitual.<\/li>\n\n\n\n<li><strong>Transparencia:<\/strong> Es imprescindible detallar claramente en el contrato las condiciones del alquiler, la duraci\u00f3n y los servicios incluidos para evitar posibles conflictos legales.<\/li>\n\n\n\n<li><strong>Registro obligatorio:<\/strong> En Catalu\u00f1a, es obligatorio registrar los contratos de alquiler en el <strong>Institut Catal\u00e0 del S\u00f2l (Incas\u00f2l)<\/strong>. Este requisito tambi\u00e9n aplica a contratos de alquiler temporal.<\/li>\n\n\n\n<li><strong>Limitaci\u00f3n de precios:<\/strong> En ciertas \u00e1reas declaradas como mercado tenso, los precios del alquiler est\u00e1n regulados, incluso en contratos temporales. Es importante asegurarse de que el precio fijado cumpla con la normativa.<\/li>\n<\/ol>\n\n\n\n<h3 class=\"wp-block-heading\">Ventajas y riesgos del Flex Living<\/h3>\n\n\n\n<p>El Flex Living ofrece ventajas evidentes, como la posibilidad de aprovechar al m\u00e1ximo un inmueble que no se utiliza durante todo el a\u00f1o o adaptarse a la movilidad laboral actual. Sin embargo, tambi\u00e9n plantea riesgos legales si no se formaliza correctamente el contrato o si no se ajusta a la normativa vigente.<\/p>\n\n\n\n<p>En <strong>Assessoria Bor\u00e9n<\/strong>, ayudamos tanto a propietarios como a inquilinos a gestionar este tipo de contratos de manera segura y transparente. Nos aseguramos de que todos los documentos cumplan con la legalidad y ofrecemos asesoramiento personalizado para resolver cualquier duda.<\/p>\n\n\n\n<h3 class=\"wp-block-heading\">\u00bfC\u00f3mo podemos ayudarte?<\/h3>\n\n\n\n<p>Con m\u00e1s de 40 a\u00f1os de experiencia gestionando comunidades de vecinos y alquileres, en <strong><a href=\"https:\/\/assessoriaboren.com\/es\/contacto\/\">Assessoria Bor\u00e9n<\/a><\/strong> estamos al d\u00eda de los cambios en el mercado inmobiliario. Si est\u00e1s pensando en ofrecer o firmar un contrato Flex Living, contacta con nosotros:<\/p>\n\n\n\n<p>\ud83d\udccd <strong>Oficina de Horta<\/strong>: C\/ Fulton, 14, Barcelona<br>\ud83d\udccd <strong>Oficina de Esplugues<\/strong>: C\/ Mestre Joan Corrales, 23, Esplugues de Llobregat<\/p>\n\n\n\n<p>Nuestro equipo est\u00e1 aqu\u00ed para garantizar que tomes las mejores decisiones. \u00a1Hablemos!<\/p>\n","protected":false},"excerpt":{"rendered":"<p>La vivienda est\u00e1 cambiando, y con ella, los modelos de alquiler. En los \u00faltimos a\u00f1os, hemos visto un crecimiento del llamado Flex Living, un tipo de contrato de arrendamiento que busca adaptarse a las necesidades de flexibilidad de los inquilinos y propietarios. Sin embargo, este modelo plantea muchas preguntas, especialmente en cuanto a su encaje &#8230; <a title=\"Contratos Flex Living: \u00bfQu\u00e9 son y c\u00f3mo funcionan?\" class=\"read-more\" href=\"https:\/\/assessoriaboren.com\/es\/contratos-flex-living-que-son-y-son-legales\/\" aria-label=\"Leer m\u00e1s sobre Contratos Flex Living: \u00bfQu\u00e9 son y c\u00f3mo funcionan?\">Leer m\u00e1s<\/a><\/p>\n","protected":false},"author":2,"featured_media":1935,"comment_status":"open","ping_status":"open","sticky":false,"template":"","format":"standard","meta":{"footnotes":""},"categories":[23],"tags":[44],"class_list":["post-1937","post","type-post","status-publish","format-standard","has-post-thumbnail","hentry","category-novedades","tag-barcelona-es"],"yoast_head":"<!-- This site is optimized with the Yoast SEO plugin v27.4 - https:\/\/yoast.com\/product\/yoast-seo-wordpress\/ -->\n<title>Contratos Flex Living: \u00bfQu\u00e9 son y c\u00f3mo funcionan? - Assessoria Bor\u00e9n<\/title>\n<meta name=\"description\" content=\"El Flex Living se refiere a contratos de alquiler que ofrecen estancias m\u00e1s flexibles, adaptadas a las necesidades de personas\" \/>\n<meta name=\"robots\" content=\"index, follow, max-snippet:-1, max-image-preview:large, max-video-preview:-1\" \/>\n<link rel=\"canonical\" href=\"https:\/\/assessoriaboren.com\/es\/contratos-flex-living-que-son-y-son-legales\/\" \/>\n<meta property=\"og:locale\" content=\"es_ES\" \/>\n<meta property=\"og:type\" content=\"article\" \/>\n<meta property=\"og:title\" content=\"Contratos Flex Living: \u00bfQu\u00e9 son y c\u00f3mo funcionan? - Assessoria Bor\u00e9n\" \/>\n<meta property=\"og:description\" content=\"El Flex Living se refiere a contratos de alquiler que ofrecen estancias m\u00e1s flexibles, adaptadas a las necesidades de personas\" \/>\n<meta property=\"og:url\" content=\"https:\/\/assessoriaboren.com\/es\/contratos-flex-living-que-son-y-son-legales\/\" \/>\n<meta property=\"og:site_name\" content=\"Assessoria Bor\u00e9n\" \/>\n<meta property=\"article:published_time\" content=\"2025-01-28T05:08:30+00:00\" \/>\n<meta property=\"article:modified_time\" content=\"2025-01-28T06:01:28+00:00\" \/>\n<meta property=\"og:image\" content=\"https:\/\/assessoriaboren.com\/wp-content\/uploads\/2025\/01\/lloguer-barcelona.jpg\" \/>\n\t<meta property=\"og:image:width\" content=\"940\" \/>\n\t<meta property=\"og:image:height\" content=\"600\" \/>\n\t<meta property=\"og:image:type\" content=\"image\/jpeg\" \/>\n<meta name=\"author\" content=\"Isabel Acevedo\" \/>\n<meta name=\"twitter:card\" content=\"summary_large_image\" \/>\n<meta name=\"twitter:label1\" content=\"Escrito por\" \/>\n\t<meta name=\"twitter:data1\" content=\"Isabel Acevedo\" \/>\n\t<meta name=\"twitter:label2\" content=\"Tiempo de lectura\" \/>\n\t<meta name=\"twitter:data2\" content=\"4 minutos\" \/>\n<script type=\"application\/ld+json\" class=\"yoast-schema-graph\">{\"@context\":\"https:\\\/\\\/schema.org\",\"@graph\":[{\"@type\":\"Article\",\"@id\":\"https:\\\/\\\/assessoriaboren.com\\\/es\\\/contratos-flex-living-que-son-y-son-legales\\\/#article\",\"isPartOf\":{\"@id\":\"https:\\\/\\\/assessoriaboren.com\\\/es\\\/contratos-flex-living-que-son-y-son-legales\\\/\"},\"author\":{\"name\":\"Isabel Acevedo\",\"@id\":\"https:\\\/\\\/assessoriaboren.com\\\/es\\\/#\\\/schema\\\/person\\\/2577e37c5f875bde02b4c0c3bb51eb07\"},\"headline\":\"Contratos Flex Living: \u00bfQu\u00e9 son y c\u00f3mo funcionan?\",\"datePublished\":\"2025-01-28T05:08:30+00:00\",\"dateModified\":\"2025-01-28T06:01:28+00:00\",\"mainEntityOfPage\":{\"@id\":\"https:\\\/\\\/assessoriaboren.com\\\/es\\\/contratos-flex-living-que-son-y-son-legales\\\/\"},\"wordCount\":562,\"commentCount\":0,\"publisher\":{\"@id\":\"https:\\\/\\\/assessoriaboren.com\\\/es\\\/#organization\"},\"image\":{\"@id\":\"https:\\\/\\\/assessoriaboren.com\\\/es\\\/contratos-flex-living-que-son-y-son-legales\\\/#primaryimage\"},\"thumbnailUrl\":\"https:\\\/\\\/assessoriaboren.com\\\/wp-content\\\/uploads\\\/2025\\\/01\\\/lloguer-barcelona.jpg\",\"keywords\":[\"Barcelona\"],\"articleSection\":[\"Novedades\"],\"inLanguage\":\"es\",\"potentialAction\":[{\"@type\":\"CommentAction\",\"name\":\"Comment\",\"target\":[\"https:\\\/\\\/assessoriaboren.com\\\/es\\\/contratos-flex-living-que-son-y-son-legales\\\/#respond\"]}]},{\"@type\":\"WebPage\",\"@id\":\"https:\\\/\\\/assessoriaboren.com\\\/es\\\/contratos-flex-living-que-son-y-son-legales\\\/\",\"url\":\"https:\\\/\\\/assessoriaboren.com\\\/es\\\/contratos-flex-living-que-son-y-son-legales\\\/\",\"name\":\"Contratos Flex Living: \u00bfQu\u00e9 son y c\u00f3mo funcionan? - Assessoria Bor\u00e9n\",\"isPartOf\":{\"@id\":\"https:\\\/\\\/assessoriaboren.com\\\/es\\\/#website\"},\"primaryImageOfPage\":{\"@id\":\"https:\\\/\\\/assessoriaboren.com\\\/es\\\/contratos-flex-living-que-son-y-son-legales\\\/#primaryimage\"},\"image\":{\"@id\":\"https:\\\/\\\/assessoriaboren.com\\\/es\\\/contratos-flex-living-que-son-y-son-legales\\\/#primaryimage\"},\"thumbnailUrl\":\"https:\\\/\\\/assessoriaboren.com\\\/wp-content\\\/uploads\\\/2025\\\/01\\\/lloguer-barcelona.jpg\",\"datePublished\":\"2025-01-28T05:08:30+00:00\",\"dateModified\":\"2025-01-28T06:01:28+00:00\",\"description\":\"El Flex Living se refiere a contratos de alquiler que ofrecen estancias m\u00e1s flexibles, adaptadas a las necesidades de personas\",\"breadcrumb\":{\"@id\":\"https:\\\/\\\/assessoriaboren.com\\\/es\\\/contratos-flex-living-que-son-y-son-legales\\\/#breadcrumb\"},\"inLanguage\":\"es\",\"potentialAction\":[{\"@type\":\"ReadAction\",\"target\":[\"https:\\\/\\\/assessoriaboren.com\\\/es\\\/contratos-flex-living-que-son-y-son-legales\\\/\"]}]},{\"@type\":\"ImageObject\",\"inLanguage\":\"es\",\"@id\":\"https:\\\/\\\/assessoriaboren.com\\\/es\\\/contratos-flex-living-que-son-y-son-legales\\\/#primaryimage\",\"url\":\"https:\\\/\\\/assessoriaboren.com\\\/wp-content\\\/uploads\\\/2025\\\/01\\\/lloguer-barcelona.jpg\",\"contentUrl\":\"https:\\\/\\\/assessoriaboren.com\\\/wp-content\\\/uploads\\\/2025\\\/01\\\/lloguer-barcelona.jpg\",\"width\":940,\"height\":600},{\"@type\":\"BreadcrumbList\",\"@id\":\"https:\\\/\\\/assessoriaboren.com\\\/es\\\/contratos-flex-living-que-son-y-son-legales\\\/#breadcrumb\",\"itemListElement\":[{\"@type\":\"ListItem\",\"position\":1,\"name\":\"Portada\",\"item\":\"https:\\\/\\\/assessoriaboren.com\\\/es\\\/\"},{\"@type\":\"ListItem\",\"position\":2,\"name\":\"Contratos Flex Living: \u00bfQu\u00e9 son y c\u00f3mo funcionan?\"}]},{\"@type\":\"WebSite\",\"@id\":\"https:\\\/\\\/assessoriaboren.com\\\/es\\\/#website\",\"url\":\"https:\\\/\\\/assessoriaboren.com\\\/es\\\/\",\"name\":\"Assessoria Bor\u00e9n\",\"description\":\"Servicios profesionales inmobiliarios de administraci\u00f3n de fincas y alquileres\",\"publisher\":{\"@id\":\"https:\\\/\\\/assessoriaboren.com\\\/es\\\/#organization\"},\"potentialAction\":[{\"@type\":\"SearchAction\",\"target\":{\"@type\":\"EntryPoint\",\"urlTemplate\":\"https:\\\/\\\/assessoriaboren.com\\\/es\\\/?s={search_term_string}\"},\"query-input\":{\"@type\":\"PropertyValueSpecification\",\"valueRequired\":true,\"valueName\":\"search_term_string\"}}],\"inLanguage\":\"es\"},{\"@type\":\"Organization\",\"@id\":\"https:\\\/\\\/assessoriaboren.com\\\/es\\\/#organization\",\"name\":\"Assesor\u00eda Bor\u00e9n\",\"url\":\"https:\\\/\\\/assessoriaboren.com\\\/es\\\/\",\"logo\":{\"@type\":\"ImageObject\",\"inLanguage\":\"es\",\"@id\":\"https:\\\/\\\/assessoriaboren.com\\\/es\\\/#\\\/schema\\\/logo\\\/image\\\/\",\"url\":\"https:\\\/\\\/assessoriaboren.com\\\/wp-content\\\/uploads\\\/2022\\\/02\\\/logo-boren1.jpg\",\"contentUrl\":\"https:\\\/\\\/assessoriaboren.com\\\/wp-content\\\/uploads\\\/2022\\\/02\\\/logo-boren1.jpg\",\"width\":300,\"height\":97,\"caption\":\"Assesor\u00eda Bor\u00e9n\"},\"image\":{\"@id\":\"https:\\\/\\\/assessoriaboren.com\\\/es\\\/#\\\/schema\\\/logo\\\/image\\\/\"}},{\"@type\":\"Person\",\"@id\":\"https:\\\/\\\/assessoriaboren.com\\\/es\\\/#\\\/schema\\\/person\\\/2577e37c5f875bde02b4c0c3bb51eb07\",\"name\":\"Isabel Acevedo\",\"image\":{\"@type\":\"ImageObject\",\"inLanguage\":\"es\",\"@id\":\"https:\\\/\\\/secure.gravatar.com\\\/avatar\\\/5936cdeb34bf02a1b8f93d5dbd481aa55d4f1110cef8053487bb9e26ecd196fc?s=96&d=mm&r=g\",\"url\":\"https:\\\/\\\/secure.gravatar.com\\\/avatar\\\/5936cdeb34bf02a1b8f93d5dbd481aa55d4f1110cef8053487bb9e26ecd196fc?s=96&d=mm&r=g\",\"contentUrl\":\"https:\\\/\\\/secure.gravatar.com\\\/avatar\\\/5936cdeb34bf02a1b8f93d5dbd481aa55d4f1110cef8053487bb9e26ecd196fc?s=96&d=mm&r=g\",\"caption\":\"Isabel Acevedo\"},\"url\":\"https:\\\/\\\/assessoriaboren.com\\\/es\\\/author\\\/isacevedo\\\/\"}]}<\/script>\n<!-- \/ Yoast SEO plugin. -->","yoast_head_json":{"title":"Contratos Flex Living: \u00bfQu\u00e9 son y c\u00f3mo funcionan? - Assessoria Bor\u00e9n","description":"El Flex Living se refiere a contratos de alquiler que ofrecen estancias m\u00e1s flexibles, adaptadas a las necesidades de personas","robots":{"index":"index","follow":"follow","max-snippet":"max-snippet:-1","max-image-preview":"max-image-preview:large","max-video-preview":"max-video-preview:-1"},"canonical":"https:\/\/assessoriaboren.com\/es\/contratos-flex-living-que-son-y-son-legales\/","og_locale":"es_ES","og_type":"article","og_title":"Contratos Flex Living: \u00bfQu\u00e9 son y c\u00f3mo funcionan? - Assessoria Bor\u00e9n","og_description":"El Flex Living se refiere a contratos de alquiler que ofrecen estancias m\u00e1s flexibles, adaptadas a las necesidades de personas","og_url":"https:\/\/assessoriaboren.com\/es\/contratos-flex-living-que-son-y-son-legales\/","og_site_name":"Assessoria Bor\u00e9n","article_published_time":"2025-01-28T05:08:30+00:00","article_modified_time":"2025-01-28T06:01:28+00:00","og_image":[{"width":940,"height":600,"url":"https:\/\/assessoriaboren.com\/wp-content\/uploads\/2025\/01\/lloguer-barcelona.jpg","type":"image\/jpeg"}],"author":"Isabel Acevedo","twitter_card":"summary_large_image","twitter_misc":{"Escrito por":"Isabel Acevedo","Tiempo de lectura":"4 minutos"},"schema":{"@context":"https:\/\/schema.org","@graph":[{"@type":"Article","@id":"https:\/\/assessoriaboren.com\/es\/contratos-flex-living-que-son-y-son-legales\/#article","isPartOf":{"@id":"https:\/\/assessoriaboren.com\/es\/contratos-flex-living-que-son-y-son-legales\/"},"author":{"name":"Isabel Acevedo","@id":"https:\/\/assessoriaboren.com\/es\/#\/schema\/person\/2577e37c5f875bde02b4c0c3bb51eb07"},"headline":"Contratos Flex Living: \u00bfQu\u00e9 son y c\u00f3mo funcionan?","datePublished":"2025-01-28T05:08:30+00:00","dateModified":"2025-01-28T06:01:28+00:00","mainEntityOfPage":{"@id":"https:\/\/assessoriaboren.com\/es\/contratos-flex-living-que-son-y-son-legales\/"},"wordCount":562,"commentCount":0,"publisher":{"@id":"https:\/\/assessoriaboren.com\/es\/#organization"},"image":{"@id":"https:\/\/assessoriaboren.com\/es\/contratos-flex-living-que-son-y-son-legales\/#primaryimage"},"thumbnailUrl":"https:\/\/assessoriaboren.com\/wp-content\/uploads\/2025\/01\/lloguer-barcelona.jpg","keywords":["Barcelona"],"articleSection":["Novedades"],"inLanguage":"es","potentialAction":[{"@type":"CommentAction","name":"Comment","target":["https:\/\/assessoriaboren.com\/es\/contratos-flex-living-que-son-y-son-legales\/#respond"]}]},{"@type":"WebPage","@id":"https:\/\/assessoriaboren.com\/es\/contratos-flex-living-que-son-y-son-legales\/","url":"https:\/\/assessoriaboren.com\/es\/contratos-flex-living-que-son-y-son-legales\/","name":"Contratos Flex Living: \u00bfQu\u00e9 son y c\u00f3mo funcionan? - Assessoria Bor\u00e9n","isPartOf":{"@id":"https:\/\/assessoriaboren.com\/es\/#website"},"primaryImageOfPage":{"@id":"https:\/\/assessoriaboren.com\/es\/contratos-flex-living-que-son-y-son-legales\/#primaryimage"},"image":{"@id":"https:\/\/assessoriaboren.com\/es\/contratos-flex-living-que-son-y-son-legales\/#primaryimage"},"thumbnailUrl":"https:\/\/assessoriaboren.com\/wp-content\/uploads\/2025\/01\/lloguer-barcelona.jpg","datePublished":"2025-01-28T05:08:30+00:00","dateModified":"2025-01-28T06:01:28+00:00","description":"El Flex Living se refiere a contratos de alquiler que ofrecen estancias m\u00e1s flexibles, adaptadas a las necesidades de personas","breadcrumb":{"@id":"https:\/\/assessoriaboren.com\/es\/contratos-flex-living-que-son-y-son-legales\/#breadcrumb"},"inLanguage":"es","potentialAction":[{"@type":"ReadAction","target":["https:\/\/assessoriaboren.com\/es\/contratos-flex-living-que-son-y-son-legales\/"]}]},{"@type":"ImageObject","inLanguage":"es","@id":"https:\/\/assessoriaboren.com\/es\/contratos-flex-living-que-son-y-son-legales\/#primaryimage","url":"https:\/\/assessoriaboren.com\/wp-content\/uploads\/2025\/01\/lloguer-barcelona.jpg","contentUrl":"https:\/\/assessoriaboren.com\/wp-content\/uploads\/2025\/01\/lloguer-barcelona.jpg","width":940,"height":600},{"@type":"BreadcrumbList","@id":"https:\/\/assessoriaboren.com\/es\/contratos-flex-living-que-son-y-son-legales\/#breadcrumb","itemListElement":[{"@type":"ListItem","position":1,"name":"Portada","item":"https:\/\/assessoriaboren.com\/es\/"},{"@type":"ListItem","position":2,"name":"Contratos Flex Living: \u00bfQu\u00e9 son y c\u00f3mo funcionan?"}]},{"@type":"WebSite","@id":"https:\/\/assessoriaboren.com\/es\/#website","url":"https:\/\/assessoriaboren.com\/es\/","name":"Assessoria Bor\u00e9n","description":"Servicios profesionales inmobiliarios de administraci\u00f3n de fincas y alquileres","publisher":{"@id":"https:\/\/assessoriaboren.com\/es\/#organization"},"potentialAction":[{"@type":"SearchAction","target":{"@type":"EntryPoint","urlTemplate":"https:\/\/assessoriaboren.com\/es\/?s={search_term_string}"},"query-input":{"@type":"PropertyValueSpecification","valueRequired":true,"valueName":"search_term_string"}}],"inLanguage":"es"},{"@type":"Organization","@id":"https:\/\/assessoriaboren.com\/es\/#organization","name":"Assesor\u00eda Bor\u00e9n","url":"https:\/\/assessoriaboren.com\/es\/","logo":{"@type":"ImageObject","inLanguage":"es","@id":"https:\/\/assessoriaboren.com\/es\/#\/schema\/logo\/image\/","url":"https:\/\/assessoriaboren.com\/wp-content\/uploads\/2022\/02\/logo-boren1.jpg","contentUrl":"https:\/\/assessoriaboren.com\/wp-content\/uploads\/2022\/02\/logo-boren1.jpg","width":300,"height":97,"caption":"Assesor\u00eda Bor\u00e9n"},"image":{"@id":"https:\/\/assessoriaboren.com\/es\/#\/schema\/logo\/image\/"}},{"@type":"Person","@id":"https:\/\/assessoriaboren.com\/es\/#\/schema\/person\/2577e37c5f875bde02b4c0c3bb51eb07","name":"Isabel Acevedo","image":{"@type":"ImageObject","inLanguage":"es","@id":"https:\/\/secure.gravatar.com\/avatar\/5936cdeb34bf02a1b8f93d5dbd481aa55d4f1110cef8053487bb9e26ecd196fc?s=96&d=mm&r=g","url":"https:\/\/secure.gravatar.com\/avatar\/5936cdeb34bf02a1b8f93d5dbd481aa55d4f1110cef8053487bb9e26ecd196fc?s=96&d=mm&r=g","contentUrl":"https:\/\/secure.gravatar.com\/avatar\/5936cdeb34bf02a1b8f93d5dbd481aa55d4f1110cef8053487bb9e26ecd196fc?s=96&d=mm&r=g","caption":"Isabel Acevedo"},"url":"https:\/\/assessoriaboren.com\/es\/author\/isacevedo\/"}]}},"_links":{"self":[{"href":"https:\/\/assessoriaboren.com\/es\/wp-json\/wp\/v2\/posts\/1937","targetHints":{"allow":["GET"]}}],"collection":[{"href":"https:\/\/assessoriaboren.com\/es\/wp-json\/wp\/v2\/posts"}],"about":[{"href":"https:\/\/assessoriaboren.com\/es\/wp-json\/wp\/v2\/types\/post"}],"author":[{"embeddable":true,"href":"https:\/\/assessoriaboren.com\/es\/wp-json\/wp\/v2\/users\/2"}],"replies":[{"embeddable":true,"href":"https:\/\/assessoriaboren.com\/es\/wp-json\/wp\/v2\/comments?post=1937"}],"version-history":[{"count":2,"href":"https:\/\/assessoriaboren.com\/es\/wp-json\/wp\/v2\/posts\/1937\/revisions"}],"predecessor-version":[{"id":1940,"href":"https:\/\/assessoriaboren.com\/es\/wp-json\/wp\/v2\/posts\/1937\/revisions\/1940"}],"wp:featuredmedia":[{"embeddable":true,"href":"https:\/\/assessoriaboren.com\/es\/wp-json\/wp\/v2\/media\/1935"}],"wp:attachment":[{"href":"https:\/\/assessoriaboren.com\/es\/wp-json\/wp\/v2\/media?parent=1937"}],"wp:term":[{"taxonomy":"category","embeddable":true,"href":"https:\/\/assessoriaboren.com\/es\/wp-json\/wp\/v2\/categories?post=1937"},{"taxonomy":"post_tag","embeddable":true,"href":"https:\/\/assessoriaboren.com\/es\/wp-json\/wp\/v2\/tags?post=1937"}],"curies":[{"name":"wp","href":"https:\/\/api.w.org\/{rel}","templated":true}]}}