{"id":1848,"date":"2024-12-13T04:28:28","date_gmt":"2024-12-13T04:28:28","guid":{"rendered":"https:\/\/assessoriaboren.com\/?p=1848"},"modified":"2024-12-13T04:28:29","modified_gmt":"2024-12-13T04:28:29","slug":"la-decoracion-navidena-en-una-comunidad-de-vecinos-consejos-para-una-convivencia-armonica","status":"publish","type":"post","link":"https:\/\/assessoriaboren.com\/es\/la-decoracion-navidena-en-una-comunidad-de-vecinos-consejos-para-una-convivencia-armonica\/","title":{"rendered":"La decoraci\u00f3n navide\u00f1a en una comunidad de vecinos: consejos para una convivencia arm\u00f3nica"},"content":{"rendered":"\n<p>Cada vez son m\u00e1s las comunidades de vecinos que se dejan contagiar por el esp\u00edritu navide\u00f1o. Decorar los espacios comunes puede aportar un ambiente festivo y fomentar la cohesi\u00f3n entre los vecinos, pero tambi\u00e9n puede ser fuente de conflictos si no se gestiona correctamente.<\/p>\n\n\n\n<p>Hoy te compartimos algunos consejos clave para disfrutar de la Navidad en tu comunidad de vecinos con armon\u00eda y respeto.<\/p>\n\n\n\n<h3 class=\"wp-block-heading\"><strong>1. Consensuar la decoraci\u00f3n con los vecinos <\/strong><\/h3>\n\n\n\n<p>Todo se resume en una palabra: <strong>consenso<\/strong>. Por ello, es importante que antes de empezar a decorar se acuerde con los vecinos qu\u00e9 espacios se decorar\u00e1n y qu\u00e9 tipo de decoraci\u00f3n se utilizar\u00e1. Puedes proponerlo en la junta de propietarios o enviar una nota informativa para que todos puedan opinar.<\/p>\n\n\n\n<p><strong>Preguntas importantes a resolver:<\/strong><\/p>\n\n\n\n<ul class=\"wp-block-list\">\n<li>\u00bfSe decorar\u00e1 solo el portal y la entrada o tambi\u00e9n otros espacios comunes como las escaleras o la azotea?<\/li>\n\n\n\n<li>\u00bfQu\u00e9 tipo de decoraci\u00f3n se instalar\u00e1? \u00bfLuces, \u00e1rboles de Navidad, guirnaldas\u2026?<\/li>\n\n\n\n<li>\u00bfQu\u00e9 d\u00edas se instalar\u00e1n y cu\u00e1ndo se retirar\u00e1n las decoraciones?<\/li>\n<\/ul>\n\n\n\n<h3 class=\"wp-block-heading\"><strong>2. Respetar la normativa y la seguridad <\/strong><\/h3>\n\n\n\n<p>Otro tema importante es que la decoraci\u00f3n no debe afectar la funcionalidad ni la seguridad de los espacios comunes. Si se utilizan luces navide\u00f1as:<\/p>\n\n\n\n<ul class=\"wp-block-list\">\n<li>Aseg\u00farate de que sean de bajo consumo y aptas para uso exterior, si es necesario.<\/li>\n\n\n\n<li>Evita sobrecargar los enchufes e instalaciones el\u00e9ctricas.<\/li>\n\n\n\n<li>Aseg\u00farate de que no obstruyan pasos, salidas de emergencia o accesos importantes.<\/li>\n<\/ul>\n\n\n\n<h3 class=\"wp-block-heading\"><strong>3. Mantener un equilibrio decorativo <\/strong><\/h3>\n\n\n\n<p>Por otra parte, la decoraci\u00f3n navide\u00f1a debe reflejar el esp\u00edritu festivo sin ser excesiva ni invasiva.<\/p>\n\n\n\n<p>Es importante tener en cuenta que los vecinos pueden tener diferentes sensibilidades culturales, religiosas o est\u00e9ticas. Un estilo neutro y elegante, basado en colores y elementos tradicionales, puede ser una opci\u00f3n inclusiva que todos puedan disfrutar.<\/p>\n\n\n\n<h3 class=\"wp-block-heading\"><strong>4. Organizar la instalaci\u00f3n y retirada en comunidad <\/strong><\/h3>\n\n\n\n<p>Otro tema a tener en cuenta es que todos los vecinos debes involucrarse en el proceso de decoraci\u00f3n. Puedes organizar un encuentro para montar juntos el \u00e1rbol o las luces, y aprovechar para compartir un chocolate caliente o unas galletas de Navidad. Tambi\u00e9n es importante acordar qui\u00e9n se encargar\u00e1 de retirar las decoraciones cuando acaben las fiestas.<\/p>\n\n\n\n<h3 class=\"wp-block-heading\"><strong>5. Minimizar los gastos comunes <\/strong><\/h3>\n\n\n\n<p>La decoraci\u00f3n navide\u00f1a puede generar gastos adicionales en electricidad o materiales. Una buena idea es establecer un presupuesto previo y buscar soluciones econ\u00f3micas, como alquilar decoraciones o utilizar materiales reciclados. Tambi\u00e9n se puede optar por luces LED, que consumen menos energ\u00eda.<\/p>\n\n\n\n<h3 class=\"wp-block-heading\"><strong>6. Respetar la convivencia vecinal <\/strong><\/h3>\n\n\n\n<p>Recuerda que el objetivo principal de decorar los espacios comunes es crear un ambiente agradable para todos. Por ello, evita decoraciones con m\u00fasica o elementos que puedan resultar molestos. La clave es fomentar la convivencia y el esp\u00edritu navide\u00f1o sin generar conflictos.<\/p>\n\n\n\n<p><strong>En conclusi\u00f3n<\/strong>, la decoraci\u00f3n navide\u00f1a puede ser una oportunidad para unir a los vecinos y hacer que la comunidad brille durante las fiestas. Si se hace con respeto, consenso y un poco de creatividad, seguro que lograr\u00e1s que esta Navidad sea inolvidable para todos.<\/p>\n\n\n\n<p> \u00bfNecesitas m\u00e1s consejos sobre la convivencia en tu comunidad? En Assessoria Bor\u00e9n estamos a tu lado para ayudarte.<\/p>\n","protected":false},"excerpt":{"rendered":"<p>Cada vez son m\u00e1s las comunidades de vecinos que se dejan contagiar por el esp\u00edritu navide\u00f1o. Decorar los espacios comunes puede aportar un ambiente festivo y fomentar la cohesi\u00f3n entre los vecinos, pero tambi\u00e9n puede ser fuente de conflictos si no se gestiona correctamente. Hoy te compartimos algunos consejos clave para disfrutar de la Navidad &#8230; <a title=\"La decoraci\u00f3n navide\u00f1a en una comunidad de vecinos: consejos para una convivencia arm\u00f3nica\" class=\"read-more\" href=\"https:\/\/assessoriaboren.com\/es\/la-decoracion-navidena-en-una-comunidad-de-vecinos-consejos-para-una-convivencia-armonica\/\" aria-label=\"Leer m\u00e1s sobre La decoraci\u00f3n navide\u00f1a en una comunidad de vecinos: consejos para una convivencia arm\u00f3nica\">Leer m\u00e1s<\/a><\/p>\n","protected":false},"author":2,"featured_media":1841,"comment_status":"open","ping_status":"open","sticky":false,"template":"","format":"standard","meta":{"footnotes":""},"categories":[23],"tags":[44,165,66,167,166],"class_list":["post-1848","post","type-post","status-publish","format-standard","has-post-thumbnail","hentry","category-novedades","tag-barcelona-es","tag-comunidad-de-propietarios","tag-comunidad-de-vecinos","tag-decoracion-navidena","tag-navidad"],"yoast_head":"<!-- This site is optimized with the Yoast SEO plugin v27.4 - https:\/\/yoast.com\/product\/yoast-seo-wordpress\/ -->\n<title>La decoraci\u00f3n navide\u00f1a en una comunidad de vecinos: consejos para una convivencia arm\u00f3nica - Assessoria Bor\u00e9n<\/title>\n<meta name=\"description\" content=\"Hoy te compartimos algunos consejos clave para disfrutar de la Navidad en tu comunidad de vecinos con armon\u00eda y respeto.\" \/>\n<meta name=\"robots\" content=\"index, follow, max-snippet:-1, max-image-preview:large, max-video-preview:-1\" \/>\n<link rel=\"canonical\" href=\"https:\/\/assessoriaboren.com\/es\/la-decoracion-navidena-en-una-comunidad-de-vecinos-consejos-para-una-convivencia-armonica\/\" \/>\n<meta property=\"og:locale\" content=\"es_ES\" \/>\n<meta property=\"og:type\" content=\"article\" \/>\n<meta property=\"og:title\" content=\"La decoraci\u00f3n navide\u00f1a en una comunidad de vecinos: consejos para una convivencia arm\u00f3nica - Assessoria Bor\u00e9n\" \/>\n<meta property=\"og:description\" content=\"Hoy te compartimos algunos consejos clave para disfrutar de la Navidad en tu comunidad de vecinos con armon\u00eda y respeto.\" \/>\n<meta property=\"og:url\" content=\"https:\/\/assessoriaboren.com\/es\/la-decoracion-navidena-en-una-comunidad-de-vecinos-consejos-para-una-convivencia-armonica\/\" \/>\n<meta property=\"og:site_name\" content=\"Assessoria Bor\u00e9n\" \/>\n<meta property=\"article:published_time\" content=\"2024-12-13T04:28:28+00:00\" \/>\n<meta property=\"article:modified_time\" content=\"2024-12-13T04:28:29+00:00\" \/>\n<meta property=\"og:image\" content=\"https:\/\/assessoriaboren.com\/wp-content\/uploads\/2024\/12\/decoracio-nadal.jpg\" \/>\n\t<meta property=\"og:image:width\" content=\"940\" \/>\n\t<meta property=\"og:image:height\" content=\"600\" \/>\n\t<meta property=\"og:image:type\" content=\"image\/jpeg\" \/>\n<meta name=\"author\" content=\"Isabel Acevedo\" \/>\n<meta name=\"twitter:card\" content=\"summary_large_image\" \/>\n<meta name=\"twitter:label1\" content=\"Escrito por\" \/>\n\t<meta name=\"twitter:data1\" content=\"Isabel Acevedo\" \/>\n\t<meta name=\"twitter:label2\" content=\"Tiempo de lectura\" \/>\n\t<meta name=\"twitter:data2\" content=\"3 minutos\" \/>\n<script type=\"application\/ld+json\" class=\"yoast-schema-graph\">{\"@context\":\"https:\\\/\\\/schema.org\",\"@graph\":[{\"@type\":\"Article\",\"@id\":\"https:\\\/\\\/assessoriaboren.com\\\/es\\\/la-decoracion-navidena-en-una-comunidad-de-vecinos-consejos-para-una-convivencia-armonica\\\/#article\",\"isPartOf\":{\"@id\":\"https:\\\/\\\/assessoriaboren.com\\\/es\\\/la-decoracion-navidena-en-una-comunidad-de-vecinos-consejos-para-una-convivencia-armonica\\\/\"},\"author\":{\"name\":\"Isabel Acevedo\",\"@id\":\"https:\\\/\\\/assessoriaboren.com\\\/es\\\/#\\\/schema\\\/person\\\/2577e37c5f875bde02b4c0c3bb51eb07\"},\"headline\":\"La decoraci\u00f3n navide\u00f1a en una comunidad de vecinos: consejos para una convivencia arm\u00f3nica\",\"datePublished\":\"2024-12-13T04:28:28+00:00\",\"dateModified\":\"2024-12-13T04:28:29+00:00\",\"mainEntityOfPage\":{\"@id\":\"https:\\\/\\\/assessoriaboren.com\\\/es\\\/la-decoracion-navidena-en-una-comunidad-de-vecinos-consejos-para-una-convivencia-armonica\\\/\"},\"wordCount\":560,\"commentCount\":0,\"publisher\":{\"@id\":\"https:\\\/\\\/assessoriaboren.com\\\/es\\\/#organization\"},\"image\":{\"@id\":\"https:\\\/\\\/assessoriaboren.com\\\/es\\\/la-decoracion-navidena-en-una-comunidad-de-vecinos-consejos-para-una-convivencia-armonica\\\/#primaryimage\"},\"thumbnailUrl\":\"https:\\\/\\\/assessoriaboren.com\\\/wp-content\\\/uploads\\\/2024\\\/12\\\/decoracio-nadal.jpg\",\"keywords\":[\"Barcelona\",\"comunidad de propietarios\",\"comunidad de vecinos\",\"decoraci\u00f3n navide\u00f1a\",\"Navidad\"],\"articleSection\":[\"Novedades\"],\"inLanguage\":\"es\",\"potentialAction\":[{\"@type\":\"CommentAction\",\"name\":\"Comment\",\"target\":[\"https:\\\/\\\/assessoriaboren.com\\\/es\\\/la-decoracion-navidena-en-una-comunidad-de-vecinos-consejos-para-una-convivencia-armonica\\\/#respond\"]}]},{\"@type\":\"WebPage\",\"@id\":\"https:\\\/\\\/assessoriaboren.com\\\/es\\\/la-decoracion-navidena-en-una-comunidad-de-vecinos-consejos-para-una-convivencia-armonica\\\/\",\"url\":\"https:\\\/\\\/assessoriaboren.com\\\/es\\\/la-decoracion-navidena-en-una-comunidad-de-vecinos-consejos-para-una-convivencia-armonica\\\/\",\"name\":\"La decoraci\u00f3n navide\u00f1a en una comunidad de vecinos: consejos para una convivencia arm\u00f3nica - Assessoria Bor\u00e9n\",\"isPartOf\":{\"@id\":\"https:\\\/\\\/assessoriaboren.com\\\/es\\\/#website\"},\"primaryImageOfPage\":{\"@id\":\"https:\\\/\\\/assessoriaboren.com\\\/es\\\/la-decoracion-navidena-en-una-comunidad-de-vecinos-consejos-para-una-convivencia-armonica\\\/#primaryimage\"},\"image\":{\"@id\":\"https:\\\/\\\/assessoriaboren.com\\\/es\\\/la-decoracion-navidena-en-una-comunidad-de-vecinos-consejos-para-una-convivencia-armonica\\\/#primaryimage\"},\"thumbnailUrl\":\"https:\\\/\\\/assessoriaboren.com\\\/wp-content\\\/uploads\\\/2024\\\/12\\\/decoracio-nadal.jpg\",\"datePublished\":\"2024-12-13T04:28:28+00:00\",\"dateModified\":\"2024-12-13T04:28:29+00:00\",\"description\":\"Hoy te compartimos algunos consejos clave para disfrutar de la Navidad en tu comunidad de vecinos con armon\u00eda y respeto.\",\"breadcrumb\":{\"@id\":\"https:\\\/\\\/assessoriaboren.com\\\/es\\\/la-decoracion-navidena-en-una-comunidad-de-vecinos-consejos-para-una-convivencia-armonica\\\/#breadcrumb\"},\"inLanguage\":\"es\",\"potentialAction\":[{\"@type\":\"ReadAction\",\"target\":[\"https:\\\/\\\/assessoriaboren.com\\\/es\\\/la-decoracion-navidena-en-una-comunidad-de-vecinos-consejos-para-una-convivencia-armonica\\\/\"]}]},{\"@type\":\"ImageObject\",\"inLanguage\":\"es\",\"@id\":\"https:\\\/\\\/assessoriaboren.com\\\/es\\\/la-decoracion-navidena-en-una-comunidad-de-vecinos-consejos-para-una-convivencia-armonica\\\/#primaryimage\",\"url\":\"https:\\\/\\\/assessoriaboren.com\\\/wp-content\\\/uploads\\\/2024\\\/12\\\/decoracio-nadal.jpg\",\"contentUrl\":\"https:\\\/\\\/assessoriaboren.com\\\/wp-content\\\/uploads\\\/2024\\\/12\\\/decoracio-nadal.jpg\",\"width\":940,\"height\":600,\"caption\":\"decoracio nadal\"},{\"@type\":\"BreadcrumbList\",\"@id\":\"https:\\\/\\\/assessoriaboren.com\\\/es\\\/la-decoracion-navidena-en-una-comunidad-de-vecinos-consejos-para-una-convivencia-armonica\\\/#breadcrumb\",\"itemListElement\":[{\"@type\":\"ListItem\",\"position\":1,\"name\":\"Portada\",\"item\":\"https:\\\/\\\/assessoriaboren.com\\\/es\\\/\"},{\"@type\":\"ListItem\",\"position\":2,\"name\":\"La decoraci\u00f3n navide\u00f1a en una comunidad de vecinos: consejos para una convivencia arm\u00f3nica\"}]},{\"@type\":\"WebSite\",\"@id\":\"https:\\\/\\\/assessoriaboren.com\\\/es\\\/#website\",\"url\":\"https:\\\/\\\/assessoriaboren.com\\\/es\\\/\",\"name\":\"Assessoria Bor\u00e9n\",\"description\":\"Servicios profesionales inmobiliarios de administraci\u00f3n de fincas y alquileres\",\"publisher\":{\"@id\":\"https:\\\/\\\/assessoriaboren.com\\\/es\\\/#organization\"},\"potentialAction\":[{\"@type\":\"SearchAction\",\"target\":{\"@type\":\"EntryPoint\",\"urlTemplate\":\"https:\\\/\\\/assessoriaboren.com\\\/es\\\/?s={search_term_string}\"},\"query-input\":{\"@type\":\"PropertyValueSpecification\",\"valueRequired\":true,\"valueName\":\"search_term_string\"}}],\"inLanguage\":\"es\"},{\"@type\":\"Organization\",\"@id\":\"https:\\\/\\\/assessoriaboren.com\\\/es\\\/#organization\",\"name\":\"Assesor\u00eda Bor\u00e9n\",\"url\":\"https:\\\/\\\/assessoriaboren.com\\\/es\\\/\",\"logo\":{\"@type\":\"ImageObject\",\"inLanguage\":\"es\",\"@id\":\"https:\\\/\\\/assessoriaboren.com\\\/es\\\/#\\\/schema\\\/logo\\\/image\\\/\",\"url\":\"https:\\\/\\\/assessoriaboren.com\\\/wp-content\\\/uploads\\\/2022\\\/02\\\/logo-boren1.jpg\",\"contentUrl\":\"https:\\\/\\\/assessoriaboren.com\\\/wp-content\\\/uploads\\\/2022\\\/02\\\/logo-boren1.jpg\",\"width\":300,\"height\":97,\"caption\":\"Assesor\u00eda Bor\u00e9n\"},\"image\":{\"@id\":\"https:\\\/\\\/assessoriaboren.com\\\/es\\\/#\\\/schema\\\/logo\\\/image\\\/\"}},{\"@type\":\"Person\",\"@id\":\"https:\\\/\\\/assessoriaboren.com\\\/es\\\/#\\\/schema\\\/person\\\/2577e37c5f875bde02b4c0c3bb51eb07\",\"name\":\"Isabel Acevedo\",\"image\":{\"@type\":\"ImageObject\",\"inLanguage\":\"es\",\"@id\":\"https:\\\/\\\/secure.gravatar.com\\\/avatar\\\/5936cdeb34bf02a1b8f93d5dbd481aa55d4f1110cef8053487bb9e26ecd196fc?s=96&d=mm&r=g\",\"url\":\"https:\\\/\\\/secure.gravatar.com\\\/avatar\\\/5936cdeb34bf02a1b8f93d5dbd481aa55d4f1110cef8053487bb9e26ecd196fc?s=96&d=mm&r=g\",\"contentUrl\":\"https:\\\/\\\/secure.gravatar.com\\\/avatar\\\/5936cdeb34bf02a1b8f93d5dbd481aa55d4f1110cef8053487bb9e26ecd196fc?s=96&d=mm&r=g\",\"caption\":\"Isabel Acevedo\"},\"url\":\"https:\\\/\\\/assessoriaboren.com\\\/es\\\/author\\\/isacevedo\\\/\"}]}<\/script>\n<!-- \/ Yoast SEO plugin. -->","yoast_head_json":{"title":"La decoraci\u00f3n navide\u00f1a en una comunidad de vecinos: consejos para una convivencia arm\u00f3nica - Assessoria Bor\u00e9n","description":"Hoy te compartimos algunos consejos clave para disfrutar de la Navidad en tu comunidad de vecinos con armon\u00eda y respeto.","robots":{"index":"index","follow":"follow","max-snippet":"max-snippet:-1","max-image-preview":"max-image-preview:large","max-video-preview":"max-video-preview:-1"},"canonical":"https:\/\/assessoriaboren.com\/es\/la-decoracion-navidena-en-una-comunidad-de-vecinos-consejos-para-una-convivencia-armonica\/","og_locale":"es_ES","og_type":"article","og_title":"La decoraci\u00f3n navide\u00f1a en una comunidad de vecinos: consejos para una convivencia arm\u00f3nica - Assessoria Bor\u00e9n","og_description":"Hoy te compartimos algunos consejos clave para disfrutar de la Navidad en tu comunidad de vecinos con armon\u00eda y respeto.","og_url":"https:\/\/assessoriaboren.com\/es\/la-decoracion-navidena-en-una-comunidad-de-vecinos-consejos-para-una-convivencia-armonica\/","og_site_name":"Assessoria Bor\u00e9n","article_published_time":"2024-12-13T04:28:28+00:00","article_modified_time":"2024-12-13T04:28:29+00:00","og_image":[{"width":940,"height":600,"url":"https:\/\/assessoriaboren.com\/wp-content\/uploads\/2024\/12\/decoracio-nadal.jpg","type":"image\/jpeg"}],"author":"Isabel Acevedo","twitter_card":"summary_large_image","twitter_misc":{"Escrito por":"Isabel Acevedo","Tiempo de lectura":"3 minutos"},"schema":{"@context":"https:\/\/schema.org","@graph":[{"@type":"Article","@id":"https:\/\/assessoriaboren.com\/es\/la-decoracion-navidena-en-una-comunidad-de-vecinos-consejos-para-una-convivencia-armonica\/#article","isPartOf":{"@id":"https:\/\/assessoriaboren.com\/es\/la-decoracion-navidena-en-una-comunidad-de-vecinos-consejos-para-una-convivencia-armonica\/"},"author":{"name":"Isabel Acevedo","@id":"https:\/\/assessoriaboren.com\/es\/#\/schema\/person\/2577e37c5f875bde02b4c0c3bb51eb07"},"headline":"La decoraci\u00f3n navide\u00f1a en una comunidad de vecinos: consejos para una convivencia arm\u00f3nica","datePublished":"2024-12-13T04:28:28+00:00","dateModified":"2024-12-13T04:28:29+00:00","mainEntityOfPage":{"@id":"https:\/\/assessoriaboren.com\/es\/la-decoracion-navidena-en-una-comunidad-de-vecinos-consejos-para-una-convivencia-armonica\/"},"wordCount":560,"commentCount":0,"publisher":{"@id":"https:\/\/assessoriaboren.com\/es\/#organization"},"image":{"@id":"https:\/\/assessoriaboren.com\/es\/la-decoracion-navidena-en-una-comunidad-de-vecinos-consejos-para-una-convivencia-armonica\/#primaryimage"},"thumbnailUrl":"https:\/\/assessoriaboren.com\/wp-content\/uploads\/2024\/12\/decoracio-nadal.jpg","keywords":["Barcelona","comunidad de propietarios","comunidad de vecinos","decoraci\u00f3n navide\u00f1a","Navidad"],"articleSection":["Novedades"],"inLanguage":"es","potentialAction":[{"@type":"CommentAction","name":"Comment","target":["https:\/\/assessoriaboren.com\/es\/la-decoracion-navidena-en-una-comunidad-de-vecinos-consejos-para-una-convivencia-armonica\/#respond"]}]},{"@type":"WebPage","@id":"https:\/\/assessoriaboren.com\/es\/la-decoracion-navidena-en-una-comunidad-de-vecinos-consejos-para-una-convivencia-armonica\/","url":"https:\/\/assessoriaboren.com\/es\/la-decoracion-navidena-en-una-comunidad-de-vecinos-consejos-para-una-convivencia-armonica\/","name":"La decoraci\u00f3n navide\u00f1a en una comunidad de vecinos: consejos para una convivencia arm\u00f3nica - Assessoria Bor\u00e9n","isPartOf":{"@id":"https:\/\/assessoriaboren.com\/es\/#website"},"primaryImageOfPage":{"@id":"https:\/\/assessoriaboren.com\/es\/la-decoracion-navidena-en-una-comunidad-de-vecinos-consejos-para-una-convivencia-armonica\/#primaryimage"},"image":{"@id":"https:\/\/assessoriaboren.com\/es\/la-decoracion-navidena-en-una-comunidad-de-vecinos-consejos-para-una-convivencia-armonica\/#primaryimage"},"thumbnailUrl":"https:\/\/assessoriaboren.com\/wp-content\/uploads\/2024\/12\/decoracio-nadal.jpg","datePublished":"2024-12-13T04:28:28+00:00","dateModified":"2024-12-13T04:28:29+00:00","description":"Hoy te compartimos algunos consejos clave para disfrutar de la Navidad en tu comunidad de vecinos con armon\u00eda y respeto.","breadcrumb":{"@id":"https:\/\/assessoriaboren.com\/es\/la-decoracion-navidena-en-una-comunidad-de-vecinos-consejos-para-una-convivencia-armonica\/#breadcrumb"},"inLanguage":"es","potentialAction":[{"@type":"ReadAction","target":["https:\/\/assessoriaboren.com\/es\/la-decoracion-navidena-en-una-comunidad-de-vecinos-consejos-para-una-convivencia-armonica\/"]}]},{"@type":"ImageObject","inLanguage":"es","@id":"https:\/\/assessoriaboren.com\/es\/la-decoracion-navidena-en-una-comunidad-de-vecinos-consejos-para-una-convivencia-armonica\/#primaryimage","url":"https:\/\/assessoriaboren.com\/wp-content\/uploads\/2024\/12\/decoracio-nadal.jpg","contentUrl":"https:\/\/assessoriaboren.com\/wp-content\/uploads\/2024\/12\/decoracio-nadal.jpg","width":940,"height":600,"caption":"decoracio nadal"},{"@type":"BreadcrumbList","@id":"https:\/\/assessoriaboren.com\/es\/la-decoracion-navidena-en-una-comunidad-de-vecinos-consejos-para-una-convivencia-armonica\/#breadcrumb","itemListElement":[{"@type":"ListItem","position":1,"name":"Portada","item":"https:\/\/assessoriaboren.com\/es\/"},{"@type":"ListItem","position":2,"name":"La decoraci\u00f3n navide\u00f1a en una comunidad de vecinos: consejos para una convivencia arm\u00f3nica"}]},{"@type":"WebSite","@id":"https:\/\/assessoriaboren.com\/es\/#website","url":"https:\/\/assessoriaboren.com\/es\/","name":"Assessoria Bor\u00e9n","description":"Servicios profesionales inmobiliarios de administraci\u00f3n de fincas y alquileres","publisher":{"@id":"https:\/\/assessoriaboren.com\/es\/#organization"},"potentialAction":[{"@type":"SearchAction","target":{"@type":"EntryPoint","urlTemplate":"https:\/\/assessoriaboren.com\/es\/?s={search_term_string}"},"query-input":{"@type":"PropertyValueSpecification","valueRequired":true,"valueName":"search_term_string"}}],"inLanguage":"es"},{"@type":"Organization","@id":"https:\/\/assessoriaboren.com\/es\/#organization","name":"Assesor\u00eda Bor\u00e9n","url":"https:\/\/assessoriaboren.com\/es\/","logo":{"@type":"ImageObject","inLanguage":"es","@id":"https:\/\/assessoriaboren.com\/es\/#\/schema\/logo\/image\/","url":"https:\/\/assessoriaboren.com\/wp-content\/uploads\/2022\/02\/logo-boren1.jpg","contentUrl":"https:\/\/assessoriaboren.com\/wp-content\/uploads\/2022\/02\/logo-boren1.jpg","width":300,"height":97,"caption":"Assesor\u00eda Bor\u00e9n"},"image":{"@id":"https:\/\/assessoriaboren.com\/es\/#\/schema\/logo\/image\/"}},{"@type":"Person","@id":"https:\/\/assessoriaboren.com\/es\/#\/schema\/person\/2577e37c5f875bde02b4c0c3bb51eb07","name":"Isabel Acevedo","image":{"@type":"ImageObject","inLanguage":"es","@id":"https:\/\/secure.gravatar.com\/avatar\/5936cdeb34bf02a1b8f93d5dbd481aa55d4f1110cef8053487bb9e26ecd196fc?s=96&d=mm&r=g","url":"https:\/\/secure.gravatar.com\/avatar\/5936cdeb34bf02a1b8f93d5dbd481aa55d4f1110cef8053487bb9e26ecd196fc?s=96&d=mm&r=g","contentUrl":"https:\/\/secure.gravatar.com\/avatar\/5936cdeb34bf02a1b8f93d5dbd481aa55d4f1110cef8053487bb9e26ecd196fc?s=96&d=mm&r=g","caption":"Isabel Acevedo"},"url":"https:\/\/assessoriaboren.com\/es\/author\/isacevedo\/"}]}},"_links":{"self":[{"href":"https:\/\/assessoriaboren.com\/es\/wp-json\/wp\/v2\/posts\/1848","targetHints":{"allow":["GET"]}}],"collection":[{"href":"https:\/\/assessoriaboren.com\/es\/wp-json\/wp\/v2\/posts"}],"about":[{"href":"https:\/\/assessoriaboren.com\/es\/wp-json\/wp\/v2\/types\/post"}],"author":[{"embeddable":true,"href":"https:\/\/assessoriaboren.com\/es\/wp-json\/wp\/v2\/users\/2"}],"replies":[{"embeddable":true,"href":"https:\/\/assessoriaboren.com\/es\/wp-json\/wp\/v2\/comments?post=1848"}],"version-history":[{"count":1,"href":"https:\/\/assessoriaboren.com\/es\/wp-json\/wp\/v2\/posts\/1848\/revisions"}],"predecessor-version":[{"id":1849,"href":"https:\/\/assessoriaboren.com\/es\/wp-json\/wp\/v2\/posts\/1848\/revisions\/1849"}],"wp:featuredmedia":[{"embeddable":true,"href":"https:\/\/assessoriaboren.com\/es\/wp-json\/wp\/v2\/media\/1841"}],"wp:attachment":[{"href":"https:\/\/assessoriaboren.com\/es\/wp-json\/wp\/v2\/media?parent=1848"}],"wp:term":[{"taxonomy":"category","embeddable":true,"href":"https:\/\/assessoriaboren.com\/es\/wp-json\/wp\/v2\/categories?post=1848"},{"taxonomy":"post_tag","embeddable":true,"href":"https:\/\/assessoriaboren.com\/es\/wp-json\/wp\/v2\/tags?post=1848"}],"curies":[{"name":"wp","href":"https:\/\/api.w.org\/{rel}","templated":true}]}}