{"id":1838,"date":"2024-11-20T08:39:43","date_gmt":"2024-11-20T08:39:43","guid":{"rendered":"https:\/\/assessoriaboren.com\/?p=1838"},"modified":"2024-11-20T08:39:44","modified_gmt":"2024-11-20T08:39:44","slug":"cuando-es-necesario-reformar-o-cambiar-el-ascensor-de-una-cominidad-de-vecinos","status":"publish","type":"post","link":"https:\/\/assessoriaboren.com\/es\/cuando-es-necesario-reformar-o-cambiar-el-ascensor-de-una-cominidad-de-vecinos\/","title":{"rendered":"\u00bfCu\u00e1ndo es necesario reformar o cambiar el ascensor de una cominidad de vecinos?"},"content":{"rendered":"\n<p>Si formas parte de una comunidad de propietarios o eres propietario de un edificio con ascensor seguramente ya piensas que no se tiene que hacer nada m\u00e1s que las revisiones peri\u00f3dicas. Pero, \u00bfte has preguntado nunca si es necesario cambiar o reformar el ascensor?<\/p>\n\n\n\n<p>Esta cuesti\u00f3n ha cobrado especial relevancia con la entrada en vigor, el pasado mas de julio, del Real Decreto 355\/2024, que establece nuevas normativas de seguridad para los ascensores.<\/p>\n\n\n\n<h2 class=\"wp-block-heading\">\u00bfQu\u00e9 dice la nueva Ley de ascensores?<\/h2>\n\n\n\n<p>A partir del 1 de julio de 2024, cualquier edificio con ascensor tiene que adaptarse a la nueva Instrucci\u00f3n T\u00e9cnica Complementaria ITC AEM 1, aprobada por el Real Decreto 355\/2024. Esta normativa regula todos los aspectos relacionados con la puesta en servicio, modificaci\u00f3n, mantenimiento e inspecci\u00f3n de los ascensores.<\/p>\n\n\n\n<p>Su objetivo principal es incrementar la seguridad de los usuarios, motivo por el cual es fundamental comprobar si tu ascensor cumple con todas las medidas exigidas.<\/p>\n\n\n\n<h2 class=\"wp-block-heading\">\u00bfQu\u00e9 hacer si tu inmueble tiene un ascensor?<\/h2>\n\n\n\n<p>El primer paso es solicitar un informe a la empresa de mantenimiento del ascensor. Este informe detallar\u00e1 si tu ascensor cumple con los nuevos requisitos de seguridad. En caso de que falte alg\u00fan elemento necesario, ser\u00e1 obligatorio realizar las reformas o adaptaciones pertinentes para cumplir con la normativa.<\/p>\n\n\n\n<p>Es importante tener claro que estas reformas son de cumplimiento obligatorio y no se pueden aplazar indefinidamente.<\/p>\n\n\n\n<h2 class=\"wp-block-heading\">\u00bfEs obligatorio reformar el ascensor?<\/h2>\n\n\n\n<p>La respuesta es contundente: s\u00ed, es obligatorio. Tanto las comunidades de propietarios como los propietarios de edificios de alquiler o viviendas individuales con ascensor tienen que cumplir esta normativa. No hacerlo puede comportar sanciones econ\u00f3micas muy significativas. Las multas pueden oscilar entre 60.000 euros por infracciones leves y hasta 100.000.000 euros por infracciones muy graves. En los casos m\u00e1s severos, incluso se puede ordenar la clausura del ascensor.<\/p>\n\n\n\n<p>El principal objetivo es<strong> proteger la seguridad de los usuarios, raz\u00f3n por la cual la ley es estricta.<\/strong><\/p>\n\n\n\n<p>Si la inspecci\u00f3n determina que es necesario realizar una reforma importante en el ascensor, habitualmente se convocar\u00e1 una Junta de Propietarios. En esta reuni\u00f3n, se informar\u00e1 sobre las reparaciones necesarias, se presentar\u00e1 un presupuesto y se establecer\u00e1n los plazos para llevar a cabo las obras. Aun as\u00ed, si las adaptaciones son menores, no siempre ser\u00e1 necesario convocar una junta, y bastar\u00e1 con informar el presidente de la comunidad para proceder con la ejecuci\u00f3n de las obras.<\/p>\n\n\n\n<h2 class=\"wp-block-heading\">Plazos para adaptar el ascensor<\/h2>\n\n\n\n<p>Los plazos para realizar las adaptaciones necesarias dependen del tipo de obras que requiera el ascensor. Generalmente, los periodos establecidos oscilan entre tres y diez a\u00f1os. Adem\u00e1s, si tu ascensor no tiene que pasar una inspecci\u00f3n a corto plazo, es posible que no tengas que hacer las reformas de manera inmediata. La empresa de mantenimiento ser\u00e1 la encargada de informarte sobre cuando es necesario realizar la inspecci\u00f3n t\u00e9cnica y el momento adecuado para ejecutar las reformas.<\/p>\n\n\n\n<p>Si tu edificio tiene ascensor, es imprescindible comprobar si cumple con la nueva normativa de seguridad establecida por el Real Decreto 355\/2024. Si no es as\u00ed, tendr\u00e1s que realizar las reformas pertinentes. No cumplir con esta ley puede derivar en sanciones econ\u00f3micas importantes y la clausura del ascensor, por lo tanto, actuar a tiempo es fundamental.<\/p>\n\n\n\n<p>A Assessoria Bor\u00e9n, te ayudamos a gestionar todo el proceso y a resolver cualquier duda sobre la normativa. Si necesitas asesoramiento para proteger tu comunidad o inmueble, contacta con nosotros!<\/p>\n","protected":false},"excerpt":{"rendered":"<p>Si formas parte de una comunidad de propietarios o eres propietario de un edificio con ascensor seguramente ya piensas que no se tiene que hacer nada m\u00e1s que las revisiones peri\u00f3dicas. Pero, \u00bfte has preguntado nunca si es necesario cambiar o reformar el ascensor? Esta cuesti\u00f3n ha cobrado especial relevancia con la entrada en vigor, &#8230; <a title=\"\u00bfCu\u00e1ndo es necesario reformar o cambiar el ascensor de una cominidad de vecinos?\" class=\"read-more\" href=\"https:\/\/assessoriaboren.com\/es\/cuando-es-necesario-reformar-o-cambiar-el-ascensor-de-una-cominidad-de-vecinos\/\" aria-label=\"Leer m\u00e1s sobre \u00bfCu\u00e1ndo es necesario reformar o cambiar el ascensor de una cominidad de vecinos?\">Leer m\u00e1s<\/a><\/p>\n","protected":false},"author":2,"featured_media":1836,"comment_status":"open","ping_status":"open","sticky":false,"template":"","format":"standard","meta":{"footnotes":""},"categories":[23],"tags":[44,46],"class_list":["post-1838","post","type-post","status-publish","format-standard","has-post-thumbnail","hentry","category-novedades","tag-barcelona-es","tag-comunitat-de-veins-es"],"yoast_head":"<!-- This site is optimized with the Yoast SEO plugin v27.4 - https:\/\/yoast.com\/product\/yoast-seo-wordpress\/ -->\n<title>\u00bfCu\u00e1ndo es necesario reformar o cambiar el ascensor de una cominidad de vecinos? - Assessoria Bor\u00e9n<\/title>\n<meta name=\"description\" content=\"\u00bfte has preguntado nunca si es necesario cambiar o reformar el ascensor? Es importante cunplir con la Ley por la seguridad de todos\" \/>\n<meta name=\"robots\" content=\"index, follow, max-snippet:-1, max-image-preview:large, max-video-preview:-1\" \/>\n<link rel=\"canonical\" href=\"https:\/\/assessoriaboren.com\/es\/cuando-es-necesario-reformar-o-cambiar-el-ascensor-de-una-cominidad-de-vecinos\/\" \/>\n<meta property=\"og:locale\" content=\"es_ES\" \/>\n<meta property=\"og:type\" content=\"article\" \/>\n<meta property=\"og:title\" content=\"\u00bfCu\u00e1ndo es necesario reformar o cambiar el ascensor de una cominidad de vecinos? - Assessoria Bor\u00e9n\" \/>\n<meta property=\"og:description\" content=\"\u00bfte has preguntado nunca si es necesario cambiar o reformar el ascensor? Es importante cunplir con la Ley por la seguridad de todos\" \/>\n<meta property=\"og:url\" content=\"https:\/\/assessoriaboren.com\/es\/cuando-es-necesario-reformar-o-cambiar-el-ascensor-de-una-cominidad-de-vecinos\/\" \/>\n<meta property=\"og:site_name\" content=\"Assessoria Bor\u00e9n\" \/>\n<meta property=\"article:published_time\" content=\"2024-11-20T08:39:43+00:00\" \/>\n<meta property=\"article:modified_time\" content=\"2024-11-20T08:39:44+00:00\" \/>\n<meta property=\"og:image\" content=\"https:\/\/assessoriaboren.com\/wp-content\/uploads\/2024\/11\/ascensor.jpg\" \/>\n\t<meta property=\"og:image:width\" content=\"940\" \/>\n\t<meta property=\"og:image:height\" content=\"600\" \/>\n\t<meta property=\"og:image:type\" content=\"image\/jpeg\" \/>\n<meta name=\"author\" content=\"Isabel Acevedo\" \/>\n<meta name=\"twitter:card\" content=\"summary_large_image\" \/>\n<meta name=\"twitter:label1\" content=\"Escrito por\" \/>\n\t<meta name=\"twitter:data1\" content=\"Isabel Acevedo\" \/>\n\t<meta name=\"twitter:label2\" content=\"Tiempo de lectura\" \/>\n\t<meta name=\"twitter:data2\" content=\"4 minutos\" \/>\n<script type=\"application\/ld+json\" class=\"yoast-schema-graph\">{\"@context\":\"https:\\\/\\\/schema.org\",\"@graph\":[{\"@type\":\"Article\",\"@id\":\"https:\\\/\\\/assessoriaboren.com\\\/es\\\/cuando-es-necesario-reformar-o-cambiar-el-ascensor-de-una-cominidad-de-vecinos\\\/#article\",\"isPartOf\":{\"@id\":\"https:\\\/\\\/assessoriaboren.com\\\/es\\\/cuando-es-necesario-reformar-o-cambiar-el-ascensor-de-una-cominidad-de-vecinos\\\/\"},\"author\":{\"name\":\"Isabel Acevedo\",\"@id\":\"https:\\\/\\\/assessoriaboren.com\\\/es\\\/#\\\/schema\\\/person\\\/2577e37c5f875bde02b4c0c3bb51eb07\"},\"headline\":\"\u00bfCu\u00e1ndo es necesario reformar o cambiar el ascensor de una cominidad de vecinos?\",\"datePublished\":\"2024-11-20T08:39:43+00:00\",\"dateModified\":\"2024-11-20T08:39:44+00:00\",\"mainEntityOfPage\":{\"@id\":\"https:\\\/\\\/assessoriaboren.com\\\/es\\\/cuando-es-necesario-reformar-o-cambiar-el-ascensor-de-una-cominidad-de-vecinos\\\/\"},\"wordCount\":591,\"commentCount\":0,\"publisher\":{\"@id\":\"https:\\\/\\\/assessoriaboren.com\\\/es\\\/#organization\"},\"image\":{\"@id\":\"https:\\\/\\\/assessoriaboren.com\\\/es\\\/cuando-es-necesario-reformar-o-cambiar-el-ascensor-de-una-cominidad-de-vecinos\\\/#primaryimage\"},\"thumbnailUrl\":\"https:\\\/\\\/assessoriaboren.com\\\/wp-content\\\/uploads\\\/2024\\\/11\\\/ascensor.jpg\",\"keywords\":[\"Barcelona\",\"comunitat de ve\u00efns\"],\"articleSection\":[\"Novedades\"],\"inLanguage\":\"es\",\"potentialAction\":[{\"@type\":\"CommentAction\",\"name\":\"Comment\",\"target\":[\"https:\\\/\\\/assessoriaboren.com\\\/es\\\/cuando-es-necesario-reformar-o-cambiar-el-ascensor-de-una-cominidad-de-vecinos\\\/#respond\"]}]},{\"@type\":\"WebPage\",\"@id\":\"https:\\\/\\\/assessoriaboren.com\\\/es\\\/cuando-es-necesario-reformar-o-cambiar-el-ascensor-de-una-cominidad-de-vecinos\\\/\",\"url\":\"https:\\\/\\\/assessoriaboren.com\\\/es\\\/cuando-es-necesario-reformar-o-cambiar-el-ascensor-de-una-cominidad-de-vecinos\\\/\",\"name\":\"\u00bfCu\u00e1ndo es necesario reformar o cambiar el ascensor de una cominidad de vecinos? - Assessoria Bor\u00e9n\",\"isPartOf\":{\"@id\":\"https:\\\/\\\/assessoriaboren.com\\\/es\\\/#website\"},\"primaryImageOfPage\":{\"@id\":\"https:\\\/\\\/assessoriaboren.com\\\/es\\\/cuando-es-necesario-reformar-o-cambiar-el-ascensor-de-una-cominidad-de-vecinos\\\/#primaryimage\"},\"image\":{\"@id\":\"https:\\\/\\\/assessoriaboren.com\\\/es\\\/cuando-es-necesario-reformar-o-cambiar-el-ascensor-de-una-cominidad-de-vecinos\\\/#primaryimage\"},\"thumbnailUrl\":\"https:\\\/\\\/assessoriaboren.com\\\/wp-content\\\/uploads\\\/2024\\\/11\\\/ascensor.jpg\",\"datePublished\":\"2024-11-20T08:39:43+00:00\",\"dateModified\":\"2024-11-20T08:39:44+00:00\",\"description\":\"\u00bfte has preguntado nunca si es necesario cambiar o reformar el ascensor? Es importante cunplir con la Ley por la seguridad de todos\",\"breadcrumb\":{\"@id\":\"https:\\\/\\\/assessoriaboren.com\\\/es\\\/cuando-es-necesario-reformar-o-cambiar-el-ascensor-de-una-cominidad-de-vecinos\\\/#breadcrumb\"},\"inLanguage\":\"es\",\"potentialAction\":[{\"@type\":\"ReadAction\",\"target\":[\"https:\\\/\\\/assessoriaboren.com\\\/es\\\/cuando-es-necesario-reformar-o-cambiar-el-ascensor-de-una-cominidad-de-vecinos\\\/\"]}]},{\"@type\":\"ImageObject\",\"inLanguage\":\"es\",\"@id\":\"https:\\\/\\\/assessoriaboren.com\\\/es\\\/cuando-es-necesario-reformar-o-cambiar-el-ascensor-de-una-cominidad-de-vecinos\\\/#primaryimage\",\"url\":\"https:\\\/\\\/assessoriaboren.com\\\/wp-content\\\/uploads\\\/2024\\\/11\\\/ascensor.jpg\",\"contentUrl\":\"https:\\\/\\\/assessoriaboren.com\\\/wp-content\\\/uploads\\\/2024\\\/11\\\/ascensor.jpg\",\"width\":940,\"height\":600,\"caption\":\"reforma ascensor\"},{\"@type\":\"BreadcrumbList\",\"@id\":\"https:\\\/\\\/assessoriaboren.com\\\/es\\\/cuando-es-necesario-reformar-o-cambiar-el-ascensor-de-una-cominidad-de-vecinos\\\/#breadcrumb\",\"itemListElement\":[{\"@type\":\"ListItem\",\"position\":1,\"name\":\"Portada\",\"item\":\"https:\\\/\\\/assessoriaboren.com\\\/es\\\/\"},{\"@type\":\"ListItem\",\"position\":2,\"name\":\"\u00bfCu\u00e1ndo es necesario reformar o cambiar el ascensor de una cominidad de vecinos?\"}]},{\"@type\":\"WebSite\",\"@id\":\"https:\\\/\\\/assessoriaboren.com\\\/es\\\/#website\",\"url\":\"https:\\\/\\\/assessoriaboren.com\\\/es\\\/\",\"name\":\"Assessoria Bor\u00e9n\",\"description\":\"Servicios profesionales inmobiliarios de administraci\u00f3n de fincas y alquileres\",\"publisher\":{\"@id\":\"https:\\\/\\\/assessoriaboren.com\\\/es\\\/#organization\"},\"potentialAction\":[{\"@type\":\"SearchAction\",\"target\":{\"@type\":\"EntryPoint\",\"urlTemplate\":\"https:\\\/\\\/assessoriaboren.com\\\/es\\\/?s={search_term_string}\"},\"query-input\":{\"@type\":\"PropertyValueSpecification\",\"valueRequired\":true,\"valueName\":\"search_term_string\"}}],\"inLanguage\":\"es\"},{\"@type\":\"Organization\",\"@id\":\"https:\\\/\\\/assessoriaboren.com\\\/es\\\/#organization\",\"name\":\"Assesor\u00eda Bor\u00e9n\",\"url\":\"https:\\\/\\\/assessoriaboren.com\\\/es\\\/\",\"logo\":{\"@type\":\"ImageObject\",\"inLanguage\":\"es\",\"@id\":\"https:\\\/\\\/assessoriaboren.com\\\/es\\\/#\\\/schema\\\/logo\\\/image\\\/\",\"url\":\"https:\\\/\\\/assessoriaboren.com\\\/wp-content\\\/uploads\\\/2022\\\/02\\\/logo-boren1.jpg\",\"contentUrl\":\"https:\\\/\\\/assessoriaboren.com\\\/wp-content\\\/uploads\\\/2022\\\/02\\\/logo-boren1.jpg\",\"width\":300,\"height\":97,\"caption\":\"Assesor\u00eda Bor\u00e9n\"},\"image\":{\"@id\":\"https:\\\/\\\/assessoriaboren.com\\\/es\\\/#\\\/schema\\\/logo\\\/image\\\/\"}},{\"@type\":\"Person\",\"@id\":\"https:\\\/\\\/assessoriaboren.com\\\/es\\\/#\\\/schema\\\/person\\\/2577e37c5f875bde02b4c0c3bb51eb07\",\"name\":\"Isabel Acevedo\",\"image\":{\"@type\":\"ImageObject\",\"inLanguage\":\"es\",\"@id\":\"https:\\\/\\\/secure.gravatar.com\\\/avatar\\\/5936cdeb34bf02a1b8f93d5dbd481aa55d4f1110cef8053487bb9e26ecd196fc?s=96&d=mm&r=g\",\"url\":\"https:\\\/\\\/secure.gravatar.com\\\/avatar\\\/5936cdeb34bf02a1b8f93d5dbd481aa55d4f1110cef8053487bb9e26ecd196fc?s=96&d=mm&r=g\",\"contentUrl\":\"https:\\\/\\\/secure.gravatar.com\\\/avatar\\\/5936cdeb34bf02a1b8f93d5dbd481aa55d4f1110cef8053487bb9e26ecd196fc?s=96&d=mm&r=g\",\"caption\":\"Isabel Acevedo\"},\"url\":\"https:\\\/\\\/assessoriaboren.com\\\/es\\\/author\\\/isacevedo\\\/\"}]}<\/script>\n<!-- \/ Yoast SEO plugin. -->","yoast_head_json":{"title":"\u00bfCu\u00e1ndo es necesario reformar o cambiar el ascensor de una cominidad de vecinos? - Assessoria Bor\u00e9n","description":"\u00bfte has preguntado nunca si es necesario cambiar o reformar el ascensor? Es importante cunplir con la Ley por la seguridad de todos","robots":{"index":"index","follow":"follow","max-snippet":"max-snippet:-1","max-image-preview":"max-image-preview:large","max-video-preview":"max-video-preview:-1"},"canonical":"https:\/\/assessoriaboren.com\/es\/cuando-es-necesario-reformar-o-cambiar-el-ascensor-de-una-cominidad-de-vecinos\/","og_locale":"es_ES","og_type":"article","og_title":"\u00bfCu\u00e1ndo es necesario reformar o cambiar el ascensor de una cominidad de vecinos? - Assessoria Bor\u00e9n","og_description":"\u00bfte has preguntado nunca si es necesario cambiar o reformar el ascensor? Es importante cunplir con la Ley por la seguridad de todos","og_url":"https:\/\/assessoriaboren.com\/es\/cuando-es-necesario-reformar-o-cambiar-el-ascensor-de-una-cominidad-de-vecinos\/","og_site_name":"Assessoria Bor\u00e9n","article_published_time":"2024-11-20T08:39:43+00:00","article_modified_time":"2024-11-20T08:39:44+00:00","og_image":[{"width":940,"height":600,"url":"https:\/\/assessoriaboren.com\/wp-content\/uploads\/2024\/11\/ascensor.jpg","type":"image\/jpeg"}],"author":"Isabel Acevedo","twitter_card":"summary_large_image","twitter_misc":{"Escrito por":"Isabel Acevedo","Tiempo de lectura":"4 minutos"},"schema":{"@context":"https:\/\/schema.org","@graph":[{"@type":"Article","@id":"https:\/\/assessoriaboren.com\/es\/cuando-es-necesario-reformar-o-cambiar-el-ascensor-de-una-cominidad-de-vecinos\/#article","isPartOf":{"@id":"https:\/\/assessoriaboren.com\/es\/cuando-es-necesario-reformar-o-cambiar-el-ascensor-de-una-cominidad-de-vecinos\/"},"author":{"name":"Isabel Acevedo","@id":"https:\/\/assessoriaboren.com\/es\/#\/schema\/person\/2577e37c5f875bde02b4c0c3bb51eb07"},"headline":"\u00bfCu\u00e1ndo es necesario reformar o cambiar el ascensor de una cominidad de vecinos?","datePublished":"2024-11-20T08:39:43+00:00","dateModified":"2024-11-20T08:39:44+00:00","mainEntityOfPage":{"@id":"https:\/\/assessoriaboren.com\/es\/cuando-es-necesario-reformar-o-cambiar-el-ascensor-de-una-cominidad-de-vecinos\/"},"wordCount":591,"commentCount":0,"publisher":{"@id":"https:\/\/assessoriaboren.com\/es\/#organization"},"image":{"@id":"https:\/\/assessoriaboren.com\/es\/cuando-es-necesario-reformar-o-cambiar-el-ascensor-de-una-cominidad-de-vecinos\/#primaryimage"},"thumbnailUrl":"https:\/\/assessoriaboren.com\/wp-content\/uploads\/2024\/11\/ascensor.jpg","keywords":["Barcelona","comunitat de ve\u00efns"],"articleSection":["Novedades"],"inLanguage":"es","potentialAction":[{"@type":"CommentAction","name":"Comment","target":["https:\/\/assessoriaboren.com\/es\/cuando-es-necesario-reformar-o-cambiar-el-ascensor-de-una-cominidad-de-vecinos\/#respond"]}]},{"@type":"WebPage","@id":"https:\/\/assessoriaboren.com\/es\/cuando-es-necesario-reformar-o-cambiar-el-ascensor-de-una-cominidad-de-vecinos\/","url":"https:\/\/assessoriaboren.com\/es\/cuando-es-necesario-reformar-o-cambiar-el-ascensor-de-una-cominidad-de-vecinos\/","name":"\u00bfCu\u00e1ndo es necesario reformar o cambiar el ascensor de una cominidad de vecinos? - Assessoria Bor\u00e9n","isPartOf":{"@id":"https:\/\/assessoriaboren.com\/es\/#website"},"primaryImageOfPage":{"@id":"https:\/\/assessoriaboren.com\/es\/cuando-es-necesario-reformar-o-cambiar-el-ascensor-de-una-cominidad-de-vecinos\/#primaryimage"},"image":{"@id":"https:\/\/assessoriaboren.com\/es\/cuando-es-necesario-reformar-o-cambiar-el-ascensor-de-una-cominidad-de-vecinos\/#primaryimage"},"thumbnailUrl":"https:\/\/assessoriaboren.com\/wp-content\/uploads\/2024\/11\/ascensor.jpg","datePublished":"2024-11-20T08:39:43+00:00","dateModified":"2024-11-20T08:39:44+00:00","description":"\u00bfte has preguntado nunca si es necesario cambiar o reformar el ascensor? Es importante cunplir con la Ley por la seguridad de todos","breadcrumb":{"@id":"https:\/\/assessoriaboren.com\/es\/cuando-es-necesario-reformar-o-cambiar-el-ascensor-de-una-cominidad-de-vecinos\/#breadcrumb"},"inLanguage":"es","potentialAction":[{"@type":"ReadAction","target":["https:\/\/assessoriaboren.com\/es\/cuando-es-necesario-reformar-o-cambiar-el-ascensor-de-una-cominidad-de-vecinos\/"]}]},{"@type":"ImageObject","inLanguage":"es","@id":"https:\/\/assessoriaboren.com\/es\/cuando-es-necesario-reformar-o-cambiar-el-ascensor-de-una-cominidad-de-vecinos\/#primaryimage","url":"https:\/\/assessoriaboren.com\/wp-content\/uploads\/2024\/11\/ascensor.jpg","contentUrl":"https:\/\/assessoriaboren.com\/wp-content\/uploads\/2024\/11\/ascensor.jpg","width":940,"height":600,"caption":"reforma ascensor"},{"@type":"BreadcrumbList","@id":"https:\/\/assessoriaboren.com\/es\/cuando-es-necesario-reformar-o-cambiar-el-ascensor-de-una-cominidad-de-vecinos\/#breadcrumb","itemListElement":[{"@type":"ListItem","position":1,"name":"Portada","item":"https:\/\/assessoriaboren.com\/es\/"},{"@type":"ListItem","position":2,"name":"\u00bfCu\u00e1ndo es necesario reformar o cambiar el ascensor de una cominidad de vecinos?"}]},{"@type":"WebSite","@id":"https:\/\/assessoriaboren.com\/es\/#website","url":"https:\/\/assessoriaboren.com\/es\/","name":"Assessoria Bor\u00e9n","description":"Servicios profesionales inmobiliarios de administraci\u00f3n de fincas y alquileres","publisher":{"@id":"https:\/\/assessoriaboren.com\/es\/#organization"},"potentialAction":[{"@type":"SearchAction","target":{"@type":"EntryPoint","urlTemplate":"https:\/\/assessoriaboren.com\/es\/?s={search_term_string}"},"query-input":{"@type":"PropertyValueSpecification","valueRequired":true,"valueName":"search_term_string"}}],"inLanguage":"es"},{"@type":"Organization","@id":"https:\/\/assessoriaboren.com\/es\/#organization","name":"Assesor\u00eda Bor\u00e9n","url":"https:\/\/assessoriaboren.com\/es\/","logo":{"@type":"ImageObject","inLanguage":"es","@id":"https:\/\/assessoriaboren.com\/es\/#\/schema\/logo\/image\/","url":"https:\/\/assessoriaboren.com\/wp-content\/uploads\/2022\/02\/logo-boren1.jpg","contentUrl":"https:\/\/assessoriaboren.com\/wp-content\/uploads\/2022\/02\/logo-boren1.jpg","width":300,"height":97,"caption":"Assesor\u00eda Bor\u00e9n"},"image":{"@id":"https:\/\/assessoriaboren.com\/es\/#\/schema\/logo\/image\/"}},{"@type":"Person","@id":"https:\/\/assessoriaboren.com\/es\/#\/schema\/person\/2577e37c5f875bde02b4c0c3bb51eb07","name":"Isabel Acevedo","image":{"@type":"ImageObject","inLanguage":"es","@id":"https:\/\/secure.gravatar.com\/avatar\/5936cdeb34bf02a1b8f93d5dbd481aa55d4f1110cef8053487bb9e26ecd196fc?s=96&d=mm&r=g","url":"https:\/\/secure.gravatar.com\/avatar\/5936cdeb34bf02a1b8f93d5dbd481aa55d4f1110cef8053487bb9e26ecd196fc?s=96&d=mm&r=g","contentUrl":"https:\/\/secure.gravatar.com\/avatar\/5936cdeb34bf02a1b8f93d5dbd481aa55d4f1110cef8053487bb9e26ecd196fc?s=96&d=mm&r=g","caption":"Isabel Acevedo"},"url":"https:\/\/assessoriaboren.com\/es\/author\/isacevedo\/"}]}},"_links":{"self":[{"href":"https:\/\/assessoriaboren.com\/es\/wp-json\/wp\/v2\/posts\/1838","targetHints":{"allow":["GET"]}}],"collection":[{"href":"https:\/\/assessoriaboren.com\/es\/wp-json\/wp\/v2\/posts"}],"about":[{"href":"https:\/\/assessoriaboren.com\/es\/wp-json\/wp\/v2\/types\/post"}],"author":[{"embeddable":true,"href":"https:\/\/assessoriaboren.com\/es\/wp-json\/wp\/v2\/users\/2"}],"replies":[{"embeddable":true,"href":"https:\/\/assessoriaboren.com\/es\/wp-json\/wp\/v2\/comments?post=1838"}],"version-history":[{"count":1,"href":"https:\/\/assessoriaboren.com\/es\/wp-json\/wp\/v2\/posts\/1838\/revisions"}],"predecessor-version":[{"id":1839,"href":"https:\/\/assessoriaboren.com\/es\/wp-json\/wp\/v2\/posts\/1838\/revisions\/1839"}],"wp:featuredmedia":[{"embeddable":true,"href":"https:\/\/assessoriaboren.com\/es\/wp-json\/wp\/v2\/media\/1836"}],"wp:attachment":[{"href":"https:\/\/assessoriaboren.com\/es\/wp-json\/wp\/v2\/media?parent=1838"}],"wp:term":[{"taxonomy":"category","embeddable":true,"href":"https:\/\/assessoriaboren.com\/es\/wp-json\/wp\/v2\/categories?post=1838"},{"taxonomy":"post_tag","embeddable":true,"href":"https:\/\/assessoriaboren.com\/es\/wp-json\/wp\/v2\/tags?post=1838"}],"curies":[{"name":"wp","href":"https:\/\/api.w.org\/{rel}","templated":true}]}}