{"id":1810,"date":"2024-08-19T15:41:24","date_gmt":"2024-08-19T15:41:24","guid":{"rendered":"https:\/\/assessoriaboren.com\/?p=1810"},"modified":"2024-08-19T15:43:04","modified_gmt":"2024-08-19T15:43:04","slug":"los-cinco-problemas-mas-frecuentes-en-verano-entre-vecinos","status":"publish","type":"post","link":"https:\/\/assessoriaboren.com\/es\/los-cinco-problemas-mas-frecuentes-en-verano-entre-vecinos\/","title":{"rendered":"Los cinco problemas m\u00e1s frecuentes en verano entre vecinos"},"content":{"rendered":"\n<p>El verano es una de las \u00e9pocas del a\u00f1o en la que se generan m\u00e1s <strong>conflictos entre vecinos<\/strong>. Con el calor, se suele hacer m\u00e1s vida en las zonas exteriores, hecho que puede dar pie a m\u00e1s problemas de convivencia en las comunidades de propietarios. <\/p>\n\n\n\n<p>Aqu\u00ed recogemos los cinco problemas m\u00e1s habituales en verano en las comunidades de vecinos y como solucionarlos.<\/p>\n\n\n\n<h3 class=\"wp-block-heading\">Fiestas y ruidos<\/h3>\n\n\n\n<p>Uno de los problemas m\u00e1s comunes en verano es el aumento del ruido causado por los encuentros o fiestas, especialmente nocturnas. Las temperaturas m\u00e1s c\u00e1lidas invitan a realizar actividades al aire libre y a organizar reuniones de amigos o de familiares que, a menudo, se prolongan hasta altas horas de la noche. Esto puede ser molesto para aquellos vecinos que buscan descansar. Las fiestas en terrazas y balcones, as\u00ed como el uso de piscinas y zonas comunes, pueden generar ruidos que perturban la tranquilidad de la comunidad.<\/p>\n\n\n\n<h3 class=\"wp-block-heading\">Uso de la piscina y las zonas comunes<\/h3>\n\n\n\n<p>Las piscinas y otras \u00e1reas comunes, como jardines o terrazas, se convierten en puntos de encuentro populares durante el verano, lo que puede generar conflictos a causa del uso excesivo o inapropiado de estas instalaciones. Es esencial que las comunidades de vecinos establezcan reglas claras y espec\u00edficas para el uso de estas zonas. Pero no es suficiente tener normas, se tienen que dar a conocer y se tienen que hacer respetar.<\/p>\n\n\n\n<h3 class=\"wp-block-heading\">Uso de barbacoas<\/h3>\n\n\n\n<p>El verano es sin\u00f3nimo de barbacoas y comidas al aire libre, pero estas actividades pueden ser una fuente de conflictos si no se gestionan adecuadamente. El humo, los olores y el riesgo de incendios son preocupaciones comunes. Las comunidades de propietarios tienen que establecer normas sobre el uso de barbacoas y \u00e1reas de picnic, incluyendo horarios permitidos y medidas de seguridad, para garantizar que todos los residentes puedan disfrutar de estas actividades sin causar molestias.<\/p>\n\n\n\n<h3 class=\"wp-block-heading\">Obras y reformas<\/h3>\n\n\n\n<p>Muchos vecinos aprovechan el verano para hacer obras a su vivienda. Pero, precisamente, puede ser la \u00e9poca m\u00e1s molesta para el resto de vecinos. Es importante que los propietarios informen la comunidad sobre las obras que planeen realizar y que cumplan con los horarios permitidos para minimizar el impacto en los vecinos. Por ejemplo, hay que recordar que la normativa general establece que el horario para hacer obras en casa es de lunes a viernes de 8.00 a 21.00 h., en d\u00edas laborables. Y el uso de maquinaria est\u00e1 permitido de 8.00 a 20.00 horas. Los domingos y festivos (aunque sea verano), no se pueden hacer ruidos por obras.<\/p>\n\n\n\n<h3 class=\"wp-block-heading\">Las mascotas<\/h3>\n\n\n\n<p>Con el buen tiempo, las mascotas pasan m\u00e1s tiempo al aire libre, lo cual puede generar quejas entre los vecinos. Los ladridos constantes, si los dejan solos en zonas comunes y la falta de higiene pueden ser motivo de disputas. Es importante que los propietarios de mascotas sean conscientes de sus responsabilidades y tomen medidas para minimizar cualquier inconveniente que sus animales puedan causar a los otros residentes.<\/p>\n\n\n\n<h3 class=\"wp-block-heading\">Qu\u00e9 podemos hacer para solucionar los conflictos vecinales en verano<\/h3>\n\n\n\n<p>Para gestionar estos conflictos de manera efectiva, es esencial que las comunidades de propietarios establezcan normas claras y espec\u00edficas sobre el uso de las instalaciones y el comportamiento esperado de los residentes. La comunicaci\u00f3n y la cooperaci\u00f3n entre vecinos tambi\u00e9n son fundamentales para resolver disputas de manera amistosa.<\/p>\n","protected":false},"excerpt":{"rendered":"<p>El verano es una de las \u00e9pocas del a\u00f1o en la que se generan m\u00e1s conflictos entre vecinos. Con el calor, se suele hacer m\u00e1s vida en las zonas exteriores, hecho que puede dar pie a m\u00e1s problemas de convivencia en las comunidades de propietarios. Aqu\u00ed recogemos los cinco problemas m\u00e1s habituales en verano en &#8230; <a title=\"Los cinco problemas m\u00e1s frecuentes en verano entre vecinos\" class=\"read-more\" href=\"https:\/\/assessoriaboren.com\/es\/los-cinco-problemas-mas-frecuentes-en-verano-entre-vecinos\/\" aria-label=\"Leer m\u00e1s sobre Los cinco problemas m\u00e1s frecuentes en verano entre vecinos\">Leer m\u00e1s<\/a><\/p>\n","protected":false},"author":2,"featured_media":1807,"comment_status":"open","ping_status":"open","sticky":false,"template":"","format":"standard","meta":{"footnotes":""},"categories":[23],"tags":[44,66,46,47],"class_list":["post-1810","post","type-post","status-publish","format-standard","has-post-thumbnail","hentry","category-novedades","tag-barcelona-es","tag-comunidad-de-vecinos","tag-comunitat-de-veins-es","tag-horta-es"],"yoast_head":"<!-- This site is optimized with the Yoast SEO plugin v27.4 - https:\/\/yoast.com\/product\/yoast-seo-wordpress\/ -->\n<title>Los cinco problemas m\u00e1s frecuentes en verano entre vecinos - Assessoria Bor\u00e9n<\/title>\n<meta name=\"description\" content=\"El verano es una de las \u00e9pocas del a\u00f1o en la que se generan m\u00e1s conflictos entre vecinos. Aqu\u00ed recogemos los cinco problemas m\u00e1s habituales\" \/>\n<meta name=\"robots\" content=\"index, follow, max-snippet:-1, max-image-preview:large, max-video-preview:-1\" \/>\n<link rel=\"canonical\" href=\"https:\/\/assessoriaboren.com\/es\/los-cinco-problemas-mas-frecuentes-en-verano-entre-vecinos\/\" \/>\n<meta property=\"og:locale\" content=\"es_ES\" \/>\n<meta property=\"og:type\" content=\"article\" \/>\n<meta property=\"og:title\" content=\"Los cinco problemas m\u00e1s frecuentes en verano entre vecinos - Assessoria Bor\u00e9n\" \/>\n<meta property=\"og:description\" content=\"El verano es una de las \u00e9pocas del a\u00f1o en la que se generan m\u00e1s conflictos entre vecinos. Aqu\u00ed recogemos los cinco problemas m\u00e1s habituales\" \/>\n<meta property=\"og:url\" content=\"https:\/\/assessoriaboren.com\/es\/los-cinco-problemas-mas-frecuentes-en-verano-entre-vecinos\/\" \/>\n<meta property=\"og:site_name\" content=\"Assessoria Bor\u00e9n\" \/>\n<meta property=\"article:published_time\" content=\"2024-08-19T15:41:24+00:00\" \/>\n<meta property=\"article:modified_time\" content=\"2024-08-19T15:43:04+00:00\" \/>\n<meta property=\"og:image\" content=\"https:\/\/assessoriaboren.com\/wp-content\/uploads\/2024\/08\/conflictes-veins-estiu.jpg\" \/>\n\t<meta property=\"og:image:width\" content=\"940\" \/>\n\t<meta property=\"og:image:height\" content=\"600\" \/>\n\t<meta property=\"og:image:type\" content=\"image\/jpeg\" \/>\n<meta name=\"author\" content=\"Isabel Acevedo\" \/>\n<meta name=\"twitter:card\" content=\"summary_large_image\" \/>\n<meta name=\"twitter:label1\" content=\"Escrito por\" \/>\n\t<meta name=\"twitter:data1\" content=\"Isabel Acevedo\" \/>\n\t<meta name=\"twitter:label2\" content=\"Tiempo de lectura\" \/>\n\t<meta name=\"twitter:data2\" content=\"4 minutos\" \/>\n<script type=\"application\/ld+json\" class=\"yoast-schema-graph\">{\"@context\":\"https:\\\/\\\/schema.org\",\"@graph\":[{\"@type\":\"Article\",\"@id\":\"https:\\\/\\\/assessoriaboren.com\\\/es\\\/los-cinco-problemas-mas-frecuentes-en-verano-entre-vecinos\\\/#article\",\"isPartOf\":{\"@id\":\"https:\\\/\\\/assessoriaboren.com\\\/es\\\/los-cinco-problemas-mas-frecuentes-en-verano-entre-vecinos\\\/\"},\"author\":{\"name\":\"Isabel Acevedo\",\"@id\":\"https:\\\/\\\/assessoriaboren.com\\\/es\\\/#\\\/schema\\\/person\\\/2577e37c5f875bde02b4c0c3bb51eb07\"},\"headline\":\"Los cinco problemas m\u00e1s frecuentes en verano entre vecinos\",\"datePublished\":\"2024-08-19T15:41:24+00:00\",\"dateModified\":\"2024-08-19T15:43:04+00:00\",\"mainEntityOfPage\":{\"@id\":\"https:\\\/\\\/assessoriaboren.com\\\/es\\\/los-cinco-problemas-mas-frecuentes-en-verano-entre-vecinos\\\/\"},\"wordCount\":572,\"commentCount\":0,\"publisher\":{\"@id\":\"https:\\\/\\\/assessoriaboren.com\\\/es\\\/#organization\"},\"image\":{\"@id\":\"https:\\\/\\\/assessoriaboren.com\\\/es\\\/los-cinco-problemas-mas-frecuentes-en-verano-entre-vecinos\\\/#primaryimage\"},\"thumbnailUrl\":\"https:\\\/\\\/assessoriaboren.com\\\/wp-content\\\/uploads\\\/2024\\\/08\\\/conflictes-veins-estiu.jpg\",\"keywords\":[\"Barcelona\",\"comunidad de vecinos\",\"comunitat de ve\u00efns\",\"Horta\"],\"articleSection\":[\"Novedades\"],\"inLanguage\":\"es\",\"potentialAction\":[{\"@type\":\"CommentAction\",\"name\":\"Comment\",\"target\":[\"https:\\\/\\\/assessoriaboren.com\\\/es\\\/los-cinco-problemas-mas-frecuentes-en-verano-entre-vecinos\\\/#respond\"]}]},{\"@type\":\"WebPage\",\"@id\":\"https:\\\/\\\/assessoriaboren.com\\\/es\\\/los-cinco-problemas-mas-frecuentes-en-verano-entre-vecinos\\\/\",\"url\":\"https:\\\/\\\/assessoriaboren.com\\\/es\\\/los-cinco-problemas-mas-frecuentes-en-verano-entre-vecinos\\\/\",\"name\":\"Los cinco problemas m\u00e1s frecuentes en verano entre vecinos - Assessoria Bor\u00e9n\",\"isPartOf\":{\"@id\":\"https:\\\/\\\/assessoriaboren.com\\\/es\\\/#website\"},\"primaryImageOfPage\":{\"@id\":\"https:\\\/\\\/assessoriaboren.com\\\/es\\\/los-cinco-problemas-mas-frecuentes-en-verano-entre-vecinos\\\/#primaryimage\"},\"image\":{\"@id\":\"https:\\\/\\\/assessoriaboren.com\\\/es\\\/los-cinco-problemas-mas-frecuentes-en-verano-entre-vecinos\\\/#primaryimage\"},\"thumbnailUrl\":\"https:\\\/\\\/assessoriaboren.com\\\/wp-content\\\/uploads\\\/2024\\\/08\\\/conflictes-veins-estiu.jpg\",\"datePublished\":\"2024-08-19T15:41:24+00:00\",\"dateModified\":\"2024-08-19T15:43:04+00:00\",\"description\":\"El verano es una de las \u00e9pocas del a\u00f1o en la que se generan m\u00e1s conflictos entre vecinos. Aqu\u00ed recogemos los cinco problemas m\u00e1s habituales\",\"breadcrumb\":{\"@id\":\"https:\\\/\\\/assessoriaboren.com\\\/es\\\/los-cinco-problemas-mas-frecuentes-en-verano-entre-vecinos\\\/#breadcrumb\"},\"inLanguage\":\"es\",\"potentialAction\":[{\"@type\":\"ReadAction\",\"target\":[\"https:\\\/\\\/assessoriaboren.com\\\/es\\\/los-cinco-problemas-mas-frecuentes-en-verano-entre-vecinos\\\/\"]}]},{\"@type\":\"ImageObject\",\"inLanguage\":\"es\",\"@id\":\"https:\\\/\\\/assessoriaboren.com\\\/es\\\/los-cinco-problemas-mas-frecuentes-en-verano-entre-vecinos\\\/#primaryimage\",\"url\":\"https:\\\/\\\/assessoriaboren.com\\\/wp-content\\\/uploads\\\/2024\\\/08\\\/conflictes-veins-estiu.jpg\",\"contentUrl\":\"https:\\\/\\\/assessoriaboren.com\\\/wp-content\\\/uploads\\\/2024\\\/08\\\/conflictes-veins-estiu.jpg\",\"width\":940,\"height\":600,\"caption\":\"Cinc conflictes entre ve\u00efns a l'estiu\"},{\"@type\":\"BreadcrumbList\",\"@id\":\"https:\\\/\\\/assessoriaboren.com\\\/es\\\/los-cinco-problemas-mas-frecuentes-en-verano-entre-vecinos\\\/#breadcrumb\",\"itemListElement\":[{\"@type\":\"ListItem\",\"position\":1,\"name\":\"Portada\",\"item\":\"https:\\\/\\\/assessoriaboren.com\\\/es\\\/\"},{\"@type\":\"ListItem\",\"position\":2,\"name\":\"Los cinco problemas m\u00e1s frecuentes en verano entre vecinos\"}]},{\"@type\":\"WebSite\",\"@id\":\"https:\\\/\\\/assessoriaboren.com\\\/es\\\/#website\",\"url\":\"https:\\\/\\\/assessoriaboren.com\\\/es\\\/\",\"name\":\"Assessoria Bor\u00e9n\",\"description\":\"Servicios profesionales inmobiliarios de administraci\u00f3n de fincas y alquileres\",\"publisher\":{\"@id\":\"https:\\\/\\\/assessoriaboren.com\\\/es\\\/#organization\"},\"potentialAction\":[{\"@type\":\"SearchAction\",\"target\":{\"@type\":\"EntryPoint\",\"urlTemplate\":\"https:\\\/\\\/assessoriaboren.com\\\/es\\\/?s={search_term_string}\"},\"query-input\":{\"@type\":\"PropertyValueSpecification\",\"valueRequired\":true,\"valueName\":\"search_term_string\"}}],\"inLanguage\":\"es\"},{\"@type\":\"Organization\",\"@id\":\"https:\\\/\\\/assessoriaboren.com\\\/es\\\/#organization\",\"name\":\"Assesor\u00eda Bor\u00e9n\",\"url\":\"https:\\\/\\\/assessoriaboren.com\\\/es\\\/\",\"logo\":{\"@type\":\"ImageObject\",\"inLanguage\":\"es\",\"@id\":\"https:\\\/\\\/assessoriaboren.com\\\/es\\\/#\\\/schema\\\/logo\\\/image\\\/\",\"url\":\"https:\\\/\\\/assessoriaboren.com\\\/wp-content\\\/uploads\\\/2022\\\/02\\\/logo-boren1.jpg\",\"contentUrl\":\"https:\\\/\\\/assessoriaboren.com\\\/wp-content\\\/uploads\\\/2022\\\/02\\\/logo-boren1.jpg\",\"width\":300,\"height\":97,\"caption\":\"Assesor\u00eda Bor\u00e9n\"},\"image\":{\"@id\":\"https:\\\/\\\/assessoriaboren.com\\\/es\\\/#\\\/schema\\\/logo\\\/image\\\/\"}},{\"@type\":\"Person\",\"@id\":\"https:\\\/\\\/assessoriaboren.com\\\/es\\\/#\\\/schema\\\/person\\\/2577e37c5f875bde02b4c0c3bb51eb07\",\"name\":\"Isabel Acevedo\",\"image\":{\"@type\":\"ImageObject\",\"inLanguage\":\"es\",\"@id\":\"https:\\\/\\\/secure.gravatar.com\\\/avatar\\\/5936cdeb34bf02a1b8f93d5dbd481aa55d4f1110cef8053487bb9e26ecd196fc?s=96&d=mm&r=g\",\"url\":\"https:\\\/\\\/secure.gravatar.com\\\/avatar\\\/5936cdeb34bf02a1b8f93d5dbd481aa55d4f1110cef8053487bb9e26ecd196fc?s=96&d=mm&r=g\",\"contentUrl\":\"https:\\\/\\\/secure.gravatar.com\\\/avatar\\\/5936cdeb34bf02a1b8f93d5dbd481aa55d4f1110cef8053487bb9e26ecd196fc?s=96&d=mm&r=g\",\"caption\":\"Isabel Acevedo\"},\"url\":\"https:\\\/\\\/assessoriaboren.com\\\/es\\\/author\\\/isacevedo\\\/\"}]}<\/script>\n<!-- \/ Yoast SEO plugin. -->","yoast_head_json":{"title":"Los cinco problemas m\u00e1s frecuentes en verano entre vecinos - Assessoria Bor\u00e9n","description":"El verano es una de las \u00e9pocas del a\u00f1o en la que se generan m\u00e1s conflictos entre vecinos. Aqu\u00ed recogemos los cinco problemas m\u00e1s habituales","robots":{"index":"index","follow":"follow","max-snippet":"max-snippet:-1","max-image-preview":"max-image-preview:large","max-video-preview":"max-video-preview:-1"},"canonical":"https:\/\/assessoriaboren.com\/es\/los-cinco-problemas-mas-frecuentes-en-verano-entre-vecinos\/","og_locale":"es_ES","og_type":"article","og_title":"Los cinco problemas m\u00e1s frecuentes en verano entre vecinos - Assessoria Bor\u00e9n","og_description":"El verano es una de las \u00e9pocas del a\u00f1o en la que se generan m\u00e1s conflictos entre vecinos. Aqu\u00ed recogemos los cinco problemas m\u00e1s habituales","og_url":"https:\/\/assessoriaboren.com\/es\/los-cinco-problemas-mas-frecuentes-en-verano-entre-vecinos\/","og_site_name":"Assessoria Bor\u00e9n","article_published_time":"2024-08-19T15:41:24+00:00","article_modified_time":"2024-08-19T15:43:04+00:00","og_image":[{"width":940,"height":600,"url":"https:\/\/assessoriaboren.com\/wp-content\/uploads\/2024\/08\/conflictes-veins-estiu.jpg","type":"image\/jpeg"}],"author":"Isabel Acevedo","twitter_card":"summary_large_image","twitter_misc":{"Escrito por":"Isabel Acevedo","Tiempo de lectura":"4 minutos"},"schema":{"@context":"https:\/\/schema.org","@graph":[{"@type":"Article","@id":"https:\/\/assessoriaboren.com\/es\/los-cinco-problemas-mas-frecuentes-en-verano-entre-vecinos\/#article","isPartOf":{"@id":"https:\/\/assessoriaboren.com\/es\/los-cinco-problemas-mas-frecuentes-en-verano-entre-vecinos\/"},"author":{"name":"Isabel Acevedo","@id":"https:\/\/assessoriaboren.com\/es\/#\/schema\/person\/2577e37c5f875bde02b4c0c3bb51eb07"},"headline":"Los cinco problemas m\u00e1s frecuentes en verano entre vecinos","datePublished":"2024-08-19T15:41:24+00:00","dateModified":"2024-08-19T15:43:04+00:00","mainEntityOfPage":{"@id":"https:\/\/assessoriaboren.com\/es\/los-cinco-problemas-mas-frecuentes-en-verano-entre-vecinos\/"},"wordCount":572,"commentCount":0,"publisher":{"@id":"https:\/\/assessoriaboren.com\/es\/#organization"},"image":{"@id":"https:\/\/assessoriaboren.com\/es\/los-cinco-problemas-mas-frecuentes-en-verano-entre-vecinos\/#primaryimage"},"thumbnailUrl":"https:\/\/assessoriaboren.com\/wp-content\/uploads\/2024\/08\/conflictes-veins-estiu.jpg","keywords":["Barcelona","comunidad de vecinos","comunitat de ve\u00efns","Horta"],"articleSection":["Novedades"],"inLanguage":"es","potentialAction":[{"@type":"CommentAction","name":"Comment","target":["https:\/\/assessoriaboren.com\/es\/los-cinco-problemas-mas-frecuentes-en-verano-entre-vecinos\/#respond"]}]},{"@type":"WebPage","@id":"https:\/\/assessoriaboren.com\/es\/los-cinco-problemas-mas-frecuentes-en-verano-entre-vecinos\/","url":"https:\/\/assessoriaboren.com\/es\/los-cinco-problemas-mas-frecuentes-en-verano-entre-vecinos\/","name":"Los cinco problemas m\u00e1s frecuentes en verano entre vecinos - Assessoria Bor\u00e9n","isPartOf":{"@id":"https:\/\/assessoriaboren.com\/es\/#website"},"primaryImageOfPage":{"@id":"https:\/\/assessoriaboren.com\/es\/los-cinco-problemas-mas-frecuentes-en-verano-entre-vecinos\/#primaryimage"},"image":{"@id":"https:\/\/assessoriaboren.com\/es\/los-cinco-problemas-mas-frecuentes-en-verano-entre-vecinos\/#primaryimage"},"thumbnailUrl":"https:\/\/assessoriaboren.com\/wp-content\/uploads\/2024\/08\/conflictes-veins-estiu.jpg","datePublished":"2024-08-19T15:41:24+00:00","dateModified":"2024-08-19T15:43:04+00:00","description":"El verano es una de las \u00e9pocas del a\u00f1o en la que se generan m\u00e1s conflictos entre vecinos. Aqu\u00ed recogemos los cinco problemas m\u00e1s habituales","breadcrumb":{"@id":"https:\/\/assessoriaboren.com\/es\/los-cinco-problemas-mas-frecuentes-en-verano-entre-vecinos\/#breadcrumb"},"inLanguage":"es","potentialAction":[{"@type":"ReadAction","target":["https:\/\/assessoriaboren.com\/es\/los-cinco-problemas-mas-frecuentes-en-verano-entre-vecinos\/"]}]},{"@type":"ImageObject","inLanguage":"es","@id":"https:\/\/assessoriaboren.com\/es\/los-cinco-problemas-mas-frecuentes-en-verano-entre-vecinos\/#primaryimage","url":"https:\/\/assessoriaboren.com\/wp-content\/uploads\/2024\/08\/conflictes-veins-estiu.jpg","contentUrl":"https:\/\/assessoriaboren.com\/wp-content\/uploads\/2024\/08\/conflictes-veins-estiu.jpg","width":940,"height":600,"caption":"Cinc conflictes entre ve\u00efns a l'estiu"},{"@type":"BreadcrumbList","@id":"https:\/\/assessoriaboren.com\/es\/los-cinco-problemas-mas-frecuentes-en-verano-entre-vecinos\/#breadcrumb","itemListElement":[{"@type":"ListItem","position":1,"name":"Portada","item":"https:\/\/assessoriaboren.com\/es\/"},{"@type":"ListItem","position":2,"name":"Los cinco problemas m\u00e1s frecuentes en verano entre vecinos"}]},{"@type":"WebSite","@id":"https:\/\/assessoriaboren.com\/es\/#website","url":"https:\/\/assessoriaboren.com\/es\/","name":"Assessoria Bor\u00e9n","description":"Servicios profesionales inmobiliarios de administraci\u00f3n de fincas y alquileres","publisher":{"@id":"https:\/\/assessoriaboren.com\/es\/#organization"},"potentialAction":[{"@type":"SearchAction","target":{"@type":"EntryPoint","urlTemplate":"https:\/\/assessoriaboren.com\/es\/?s={search_term_string}"},"query-input":{"@type":"PropertyValueSpecification","valueRequired":true,"valueName":"search_term_string"}}],"inLanguage":"es"},{"@type":"Organization","@id":"https:\/\/assessoriaboren.com\/es\/#organization","name":"Assesor\u00eda Bor\u00e9n","url":"https:\/\/assessoriaboren.com\/es\/","logo":{"@type":"ImageObject","inLanguage":"es","@id":"https:\/\/assessoriaboren.com\/es\/#\/schema\/logo\/image\/","url":"https:\/\/assessoriaboren.com\/wp-content\/uploads\/2022\/02\/logo-boren1.jpg","contentUrl":"https:\/\/assessoriaboren.com\/wp-content\/uploads\/2022\/02\/logo-boren1.jpg","width":300,"height":97,"caption":"Assesor\u00eda Bor\u00e9n"},"image":{"@id":"https:\/\/assessoriaboren.com\/es\/#\/schema\/logo\/image\/"}},{"@type":"Person","@id":"https:\/\/assessoriaboren.com\/es\/#\/schema\/person\/2577e37c5f875bde02b4c0c3bb51eb07","name":"Isabel Acevedo","image":{"@type":"ImageObject","inLanguage":"es","@id":"https:\/\/secure.gravatar.com\/avatar\/5936cdeb34bf02a1b8f93d5dbd481aa55d4f1110cef8053487bb9e26ecd196fc?s=96&d=mm&r=g","url":"https:\/\/secure.gravatar.com\/avatar\/5936cdeb34bf02a1b8f93d5dbd481aa55d4f1110cef8053487bb9e26ecd196fc?s=96&d=mm&r=g","contentUrl":"https:\/\/secure.gravatar.com\/avatar\/5936cdeb34bf02a1b8f93d5dbd481aa55d4f1110cef8053487bb9e26ecd196fc?s=96&d=mm&r=g","caption":"Isabel Acevedo"},"url":"https:\/\/assessoriaboren.com\/es\/author\/isacevedo\/"}]}},"_links":{"self":[{"href":"https:\/\/assessoriaboren.com\/es\/wp-json\/wp\/v2\/posts\/1810","targetHints":{"allow":["GET"]}}],"collection":[{"href":"https:\/\/assessoriaboren.com\/es\/wp-json\/wp\/v2\/posts"}],"about":[{"href":"https:\/\/assessoriaboren.com\/es\/wp-json\/wp\/v2\/types\/post"}],"author":[{"embeddable":true,"href":"https:\/\/assessoriaboren.com\/es\/wp-json\/wp\/v2\/users\/2"}],"replies":[{"embeddable":true,"href":"https:\/\/assessoriaboren.com\/es\/wp-json\/wp\/v2\/comments?post=1810"}],"version-history":[{"count":2,"href":"https:\/\/assessoriaboren.com\/es\/wp-json\/wp\/v2\/posts\/1810\/revisions"}],"predecessor-version":[{"id":1813,"href":"https:\/\/assessoriaboren.com\/es\/wp-json\/wp\/v2\/posts\/1810\/revisions\/1813"}],"wp:featuredmedia":[{"embeddable":true,"href":"https:\/\/assessoriaboren.com\/es\/wp-json\/wp\/v2\/media\/1807"}],"wp:attachment":[{"href":"https:\/\/assessoriaboren.com\/es\/wp-json\/wp\/v2\/media?parent=1810"}],"wp:term":[{"taxonomy":"category","embeddable":true,"href":"https:\/\/assessoriaboren.com\/es\/wp-json\/wp\/v2\/categories?post=1810"},{"taxonomy":"post_tag","embeddable":true,"href":"https:\/\/assessoriaboren.com\/es\/wp-json\/wp\/v2\/tags?post=1810"}],"curies":[{"name":"wp","href":"https:\/\/api.w.org\/{rel}","templated":true}]}}