{"id":1730,"date":"2023-11-05T15:04:16","date_gmt":"2023-11-05T15:04:16","guid":{"rendered":"https:\/\/assessoriaboren.com\/?p=1730"},"modified":"2023-11-05T15:04:18","modified_gmt":"2023-11-05T15:04:18","slug":"quien-debe-asumir-el-pago-de-los-suministros-en-un-piso-de-alquiler","status":"publish","type":"post","link":"https:\/\/assessoriaboren.com\/es\/quien-debe-asumir-el-pago-de-los-suministros-en-un-piso-de-alquiler\/","title":{"rendered":"\u00bfQui\u00e9n debe asumir el pago de los suministros en un piso de alquiler?"},"content":{"rendered":"\n<p>Cuando se firma un contrato de alquiler de una vivienda, el propietario y el inquilino acuerdan una serie de derechos y obligaciones. Muchos de ellos est\u00e1n regulados en la<a href=\"https:\/\/www.boe.es\/buscar\/act.php?id=BOE-A-1994-26003#a20\"> <strong>Ley de Arrendamientos Urbanos<\/strong><\/a><strong> <\/strong>(LAU) y son inquebrantables. Sin embargo, hay otros t\u00e9rminos y apartados que pueden variar y pactarse. Siempre que no sea contrario a lo que establece la ley. Por ejemplo, qui\u00e9n se debe encargar del pago de los suministros, como el agua, la luz o el gas, en el piso alquilado.\u00a0<\/p>\n\n\n\n<p>En el art\u00edculo de hoy, en<strong> <\/strong>el blog de <a href=\"https:\/\/assessoriaboren.com\/es\/es-legal-alquilar-habitaciones-de-un-piso-alquilado\/\" target=\"_blank\" rel=\"noreferrer noopener\">Assessoria Bor\u00e9n<\/a> te explicamos c\u00f3mo incluir los suministros en el precio del alquiler y todo lo relacionado con este tema. Por lo tanto, si tienes un inmueble en propiedad y quieres incluir los suministros en el precio de la renta te interesa prestar atenci\u00f3n al siguiente post.\u00a0<\/p>\n\n\n\n<h3 class=\"wp-block-heading\"><strong>\u00bfQui\u00e9n debe pagar los suministros en una vivienda de alquiler?<\/strong><\/h3>\n\n\n\n<p>La <a href=\"https:\/\/www.boe.es\/buscar\/act.php?id=BOE-A-1994-26003#a20\"><strong>Ley de Arrendamientos Urbanos<\/strong><\/a><strong> <\/strong>(LAU) dice que \u201clos gastos por servicios con que cuente la finca arrendada que se individualicen mediante aparatos contadores ser\u00e1n en todo caso de cuenta del arrendatario\u201d. Es decir, que el inquilino debe pagar los suministros b\u00e1sicos: el agua, la luz y el gas, adem\u00e1s, obviamente de la renta mensual del alquiler.<\/p>\n\n\n\n<p>La misma Ley tambi\u00e9n indica que es el propietario el que debe dar de alta los suministros o cambiar su titularidad. Adem\u00e1s de tener que hacer frente a todas las reparaciones de la vivienda derivadas del paso del tiempo.\u00a0<\/p>\n\n\n\n<h3 class=\"wp-block-heading\"><strong>C\u00f3mo incluir los suministros en el precio del alquiler<\/strong><\/h3>\n\n\n\n<p>Sin embargo, aunque lo m\u00e1s habitual es que el inquilino asuma la titularidad y el pago de los suministros de luz, agua y gas, a veces, el propietario prefiere mantener la titularidad de los contratos e\u00a0 incluir estos gastos en el precio del alquiler. Esta f\u00f3rmula es posible y no es poco frecuente. En este caso, hay varias formas:<\/p>\n\n\n\n<ul class=\"wp-block-list\"><li><strong>Primer caso<\/strong>: el propietario es el titular y los paga. Posteriormente, pasa las facturas al inquilino para que le realice la transferencia.<\/li><li><strong>Segundo caso<\/strong>: el propietario es titular de los suministros pero domicilia los recibos a la cuenta corriente del inquilino.<\/li><li><strong>Tercer caso<\/strong>: el propietario mantiene la titularidad y se encarga del pago de los suministros, pero pactan que una cantidad X del precio del alquiler sea dedicada al pago de los suministros. Por lo que el inquilino abonar\u00e1 al propietario cada mes la misma cantidad, en concepto alquiler + suministros. En el contrato de alquiler debe constar claramente cu\u00e1nto corresponde al alquiler y cu\u00e1nto a los suministros. En este caso, se debe calcular bien la media de gastos de suministros, para que ninguna de las partes salga ganando ni perdiendo.\u00a0<\/li><\/ul>\n\n\n\n<p><\/p>\n\n\n\n<h3 class=\"wp-block-heading\">Lo m\u00e1s recomendable<\/h3>\n\n\n\n<p>En todo caso, <strong>lo m\u00e1s recomendable para los intereses del propietario es que tanto la titularidad como el pago de los suministros lo asuma el inquilino<\/strong>, aparte de la renta mensual. \u00bfPor qu\u00e9? Pues porque si el inquilino deja de pagar los gastos de suministros de energ\u00eda (gas, electricidad) y agua, y el propietario es el titular de los contratos de suministros, las compa\u00f1\u00edas reclamar\u00e1n el pago al propietario. Adem\u00e1s, si el propietario deja de pagar los suministros a su nombre, y las compa\u00f1\u00edas cortan el suministro, el inquilino podr\u00eda alegar que la vivienda no es habitable.&nbsp;<\/p>\n\n\n\n<p>Pese a todo, hay que tener claro que, cuando se alquila una vivienda, \u00e9sta tiene que contar con los servicios m\u00ednimos para que las personas puedan vivir. Es decir, el propietario debe garantizar la habitabilidad de la vivienda. Y <strong>el agua y la luz son imprescindibles<\/strong>, as\u00ed que, si el piso no cuenta con los dos servicios, no se puede alquilar.<\/p>\n\n\n\n<p>En Assessoria Bor\u00e9n contamos con un equipo de profesionales de contrastada experiencia que podr\u00e1s asesorarte y aconsejarte sobre tus viviendas y contratos.<\/p>\n","protected":false},"excerpt":{"rendered":"<p>Cuando se firma un contrato de alquiler de una vivienda, el propietario y el inquilino acuerdan una serie de derechos y obligaciones. Muchos de ellos est\u00e1n regulados en la Ley de Arrendamientos Urbanos (LAU) y son inquebrantables. Sin embargo, hay otros t\u00e9rminos y apartados que pueden variar y pactarse. Siempre que no sea contrario a &#8230; <a title=\"\u00bfQui\u00e9n debe asumir el pago de los suministros en un piso de alquiler?\" class=\"read-more\" href=\"https:\/\/assessoriaboren.com\/es\/quien-debe-asumir-el-pago-de-los-suministros-en-un-piso-de-alquiler\/\" aria-label=\"Leer m\u00e1s sobre \u00bfQui\u00e9n debe asumir el pago de los suministros en un piso de alquiler?\">Leer m\u00e1s<\/a><\/p>\n","protected":false},"author":2,"featured_media":1727,"comment_status":"open","ping_status":"open","sticky":false,"template":"","format":"standard","meta":{"footnotes":""},"categories":[23],"tags":[119,44,46],"class_list":["post-1730","post","type-post","status-publish","format-standard","has-post-thumbnail","hentry","category-novedades","tag-alquiler","tag-barcelona-es","tag-comunitat-de-veins-es"],"yoast_head":"<!-- This site is optimized with the Yoast SEO plugin v27.4 - https:\/\/yoast.com\/product\/yoast-seo-wordpress\/ -->\n<title>\u00bfQui\u00e9n debe asumir el pago de los suministros en un piso de alquiler? - Assessoria Bor\u00e9n<\/title>\n<meta name=\"description\" content=\"\u00bfQui\u00e9n debe asumir el pago de los suministros en un piso de alquiler? En este blog explicamos c\u00f3mo incluir los suministros en el contrato\" \/>\n<meta name=\"robots\" content=\"index, follow, max-snippet:-1, max-image-preview:large, max-video-preview:-1\" \/>\n<link rel=\"canonical\" href=\"https:\/\/assessoriaboren.com\/es\/quien-debe-asumir-el-pago-de-los-suministros-en-un-piso-de-alquiler\/\" \/>\n<meta property=\"og:locale\" content=\"es_ES\" \/>\n<meta property=\"og:type\" content=\"article\" \/>\n<meta property=\"og:title\" content=\"\u00bfQui\u00e9n debe asumir el pago de los suministros en un piso de alquiler? - Assessoria Bor\u00e9n\" \/>\n<meta property=\"og:description\" content=\"\u00bfQui\u00e9n debe asumir el pago de los suministros en un piso de alquiler? En este blog explicamos c\u00f3mo incluir los suministros en el contrato\" \/>\n<meta property=\"og:url\" content=\"https:\/\/assessoriaboren.com\/es\/quien-debe-asumir-el-pago-de-los-suministros-en-un-piso-de-alquiler\/\" \/>\n<meta property=\"og:site_name\" content=\"Assessoria Bor\u00e9n\" \/>\n<meta property=\"article:published_time\" content=\"2023-11-05T15:04:16+00:00\" \/>\n<meta property=\"article:modified_time\" content=\"2023-11-05T15:04:18+00:00\" \/>\n<meta property=\"og:image\" content=\"https:\/\/assessoriaboren.com\/wp-content\/uploads\/2023\/11\/lloguer-e1699196360915.jpg\" \/>\n\t<meta property=\"og:image:width\" content=\"700\" \/>\n\t<meta property=\"og:image:height\" content=\"500\" \/>\n\t<meta property=\"og:image:type\" content=\"image\/jpeg\" \/>\n<meta name=\"author\" content=\"Isabel Acevedo\" \/>\n<meta name=\"twitter:card\" content=\"summary_large_image\" \/>\n<meta name=\"twitter:label1\" content=\"Escrito por\" \/>\n\t<meta name=\"twitter:data1\" content=\"Isabel Acevedo\" \/>\n\t<meta name=\"twitter:label2\" content=\"Tiempo de lectura\" \/>\n\t<meta name=\"twitter:data2\" content=\"4 minutos\" \/>\n<script type=\"application\/ld+json\" class=\"yoast-schema-graph\">{\"@context\":\"https:\\\/\\\/schema.org\",\"@graph\":[{\"@type\":\"Article\",\"@id\":\"https:\\\/\\\/assessoriaboren.com\\\/es\\\/quien-debe-asumir-el-pago-de-los-suministros-en-un-piso-de-alquiler\\\/#article\",\"isPartOf\":{\"@id\":\"https:\\\/\\\/assessoriaboren.com\\\/es\\\/quien-debe-asumir-el-pago-de-los-suministros-en-un-piso-de-alquiler\\\/\"},\"author\":{\"name\":\"Isabel Acevedo\",\"@id\":\"https:\\\/\\\/assessoriaboren.com\\\/es\\\/#\\\/schema\\\/person\\\/2577e37c5f875bde02b4c0c3bb51eb07\"},\"headline\":\"\u00bfQui\u00e9n debe asumir el pago de los suministros en un piso de alquiler?\",\"datePublished\":\"2023-11-05T15:04:16+00:00\",\"dateModified\":\"2023-11-05T15:04:18+00:00\",\"mainEntityOfPage\":{\"@id\":\"https:\\\/\\\/assessoriaboren.com\\\/es\\\/quien-debe-asumir-el-pago-de-los-suministros-en-un-piso-de-alquiler\\\/\"},\"wordCount\":670,\"commentCount\":0,\"publisher\":{\"@id\":\"https:\\\/\\\/assessoriaboren.com\\\/es\\\/#organization\"},\"image\":{\"@id\":\"https:\\\/\\\/assessoriaboren.com\\\/es\\\/quien-debe-asumir-el-pago-de-los-suministros-en-un-piso-de-alquiler\\\/#primaryimage\"},\"thumbnailUrl\":\"https:\\\/\\\/assessoriaboren.com\\\/wp-content\\\/uploads\\\/2023\\\/11\\\/lloguer-e1699196360915.jpg\",\"keywords\":[\"alquiler\",\"Barcelona\",\"comunitat de ve\u00efns\"],\"articleSection\":[\"Novedades\"],\"inLanguage\":\"es\",\"potentialAction\":[{\"@type\":\"CommentAction\",\"name\":\"Comment\",\"target\":[\"https:\\\/\\\/assessoriaboren.com\\\/es\\\/quien-debe-asumir-el-pago-de-los-suministros-en-un-piso-de-alquiler\\\/#respond\"]}]},{\"@type\":\"WebPage\",\"@id\":\"https:\\\/\\\/assessoriaboren.com\\\/es\\\/quien-debe-asumir-el-pago-de-los-suministros-en-un-piso-de-alquiler\\\/\",\"url\":\"https:\\\/\\\/assessoriaboren.com\\\/es\\\/quien-debe-asumir-el-pago-de-los-suministros-en-un-piso-de-alquiler\\\/\",\"name\":\"\u00bfQui\u00e9n debe asumir el pago de los suministros en un piso de alquiler? - Assessoria Bor\u00e9n\",\"isPartOf\":{\"@id\":\"https:\\\/\\\/assessoriaboren.com\\\/es\\\/#website\"},\"primaryImageOfPage\":{\"@id\":\"https:\\\/\\\/assessoriaboren.com\\\/es\\\/quien-debe-asumir-el-pago-de-los-suministros-en-un-piso-de-alquiler\\\/#primaryimage\"},\"image\":{\"@id\":\"https:\\\/\\\/assessoriaboren.com\\\/es\\\/quien-debe-asumir-el-pago-de-los-suministros-en-un-piso-de-alquiler\\\/#primaryimage\"},\"thumbnailUrl\":\"https:\\\/\\\/assessoriaboren.com\\\/wp-content\\\/uploads\\\/2023\\\/11\\\/lloguer-e1699196360915.jpg\",\"datePublished\":\"2023-11-05T15:04:16+00:00\",\"dateModified\":\"2023-11-05T15:04:18+00:00\",\"description\":\"\u00bfQui\u00e9n debe asumir el pago de los suministros en un piso de alquiler? En este blog explicamos c\u00f3mo incluir los suministros en el contrato\",\"breadcrumb\":{\"@id\":\"https:\\\/\\\/assessoriaboren.com\\\/es\\\/quien-debe-asumir-el-pago-de-los-suministros-en-un-piso-de-alquiler\\\/#breadcrumb\"},\"inLanguage\":\"es\",\"potentialAction\":[{\"@type\":\"ReadAction\",\"target\":[\"https:\\\/\\\/assessoriaboren.com\\\/es\\\/quien-debe-asumir-el-pago-de-los-suministros-en-un-piso-de-alquiler\\\/\"]}]},{\"@type\":\"ImageObject\",\"inLanguage\":\"es\",\"@id\":\"https:\\\/\\\/assessoriaboren.com\\\/es\\\/quien-debe-asumir-el-pago-de-los-suministros-en-un-piso-de-alquiler\\\/#primaryimage\",\"url\":\"https:\\\/\\\/assessoriaboren.com\\\/wp-content\\\/uploads\\\/2023\\\/11\\\/lloguer-e1699196360915.jpg\",\"contentUrl\":\"https:\\\/\\\/assessoriaboren.com\\\/wp-content\\\/uploads\\\/2023\\\/11\\\/lloguer-e1699196360915.jpg\",\"width\":700,\"height\":500,\"caption\":\"suministraments del llofguer\"},{\"@type\":\"BreadcrumbList\",\"@id\":\"https:\\\/\\\/assessoriaboren.com\\\/es\\\/quien-debe-asumir-el-pago-de-los-suministros-en-un-piso-de-alquiler\\\/#breadcrumb\",\"itemListElement\":[{\"@type\":\"ListItem\",\"position\":1,\"name\":\"Portada\",\"item\":\"https:\\\/\\\/assessoriaboren.com\\\/es\\\/\"},{\"@type\":\"ListItem\",\"position\":2,\"name\":\"\u00bfQui\u00e9n debe asumir el pago de los suministros en un piso de alquiler?\"}]},{\"@type\":\"WebSite\",\"@id\":\"https:\\\/\\\/assessoriaboren.com\\\/es\\\/#website\",\"url\":\"https:\\\/\\\/assessoriaboren.com\\\/es\\\/\",\"name\":\"Assessoria Bor\u00e9n\",\"description\":\"Servicios profesionales inmobiliarios de administraci\u00f3n de fincas y alquileres\",\"publisher\":{\"@id\":\"https:\\\/\\\/assessoriaboren.com\\\/es\\\/#organization\"},\"potentialAction\":[{\"@type\":\"SearchAction\",\"target\":{\"@type\":\"EntryPoint\",\"urlTemplate\":\"https:\\\/\\\/assessoriaboren.com\\\/es\\\/?s={search_term_string}\"},\"query-input\":{\"@type\":\"PropertyValueSpecification\",\"valueRequired\":true,\"valueName\":\"search_term_string\"}}],\"inLanguage\":\"es\"},{\"@type\":\"Organization\",\"@id\":\"https:\\\/\\\/assessoriaboren.com\\\/es\\\/#organization\",\"name\":\"Assesor\u00eda Bor\u00e9n\",\"url\":\"https:\\\/\\\/assessoriaboren.com\\\/es\\\/\",\"logo\":{\"@type\":\"ImageObject\",\"inLanguage\":\"es\",\"@id\":\"https:\\\/\\\/assessoriaboren.com\\\/es\\\/#\\\/schema\\\/logo\\\/image\\\/\",\"url\":\"https:\\\/\\\/assessoriaboren.com\\\/wp-content\\\/uploads\\\/2022\\\/02\\\/logo-boren1.jpg\",\"contentUrl\":\"https:\\\/\\\/assessoriaboren.com\\\/wp-content\\\/uploads\\\/2022\\\/02\\\/logo-boren1.jpg\",\"width\":300,\"height\":97,\"caption\":\"Assesor\u00eda Bor\u00e9n\"},\"image\":{\"@id\":\"https:\\\/\\\/assessoriaboren.com\\\/es\\\/#\\\/schema\\\/logo\\\/image\\\/\"}},{\"@type\":\"Person\",\"@id\":\"https:\\\/\\\/assessoriaboren.com\\\/es\\\/#\\\/schema\\\/person\\\/2577e37c5f875bde02b4c0c3bb51eb07\",\"name\":\"Isabel Acevedo\",\"image\":{\"@type\":\"ImageObject\",\"inLanguage\":\"es\",\"@id\":\"https:\\\/\\\/secure.gravatar.com\\\/avatar\\\/5936cdeb34bf02a1b8f93d5dbd481aa55d4f1110cef8053487bb9e26ecd196fc?s=96&d=mm&r=g\",\"url\":\"https:\\\/\\\/secure.gravatar.com\\\/avatar\\\/5936cdeb34bf02a1b8f93d5dbd481aa55d4f1110cef8053487bb9e26ecd196fc?s=96&d=mm&r=g\",\"contentUrl\":\"https:\\\/\\\/secure.gravatar.com\\\/avatar\\\/5936cdeb34bf02a1b8f93d5dbd481aa55d4f1110cef8053487bb9e26ecd196fc?s=96&d=mm&r=g\",\"caption\":\"Isabel Acevedo\"},\"url\":\"https:\\\/\\\/assessoriaboren.com\\\/es\\\/author\\\/isacevedo\\\/\"}]}<\/script>\n<!-- \/ Yoast SEO plugin. -->","yoast_head_json":{"title":"\u00bfQui\u00e9n debe asumir el pago de los suministros en un piso de alquiler? - Assessoria Bor\u00e9n","description":"\u00bfQui\u00e9n debe asumir el pago de los suministros en un piso de alquiler? En este blog explicamos c\u00f3mo incluir los suministros en el contrato","robots":{"index":"index","follow":"follow","max-snippet":"max-snippet:-1","max-image-preview":"max-image-preview:large","max-video-preview":"max-video-preview:-1"},"canonical":"https:\/\/assessoriaboren.com\/es\/quien-debe-asumir-el-pago-de-los-suministros-en-un-piso-de-alquiler\/","og_locale":"es_ES","og_type":"article","og_title":"\u00bfQui\u00e9n debe asumir el pago de los suministros en un piso de alquiler? - Assessoria Bor\u00e9n","og_description":"\u00bfQui\u00e9n debe asumir el pago de los suministros en un piso de alquiler? En este blog explicamos c\u00f3mo incluir los suministros en el contrato","og_url":"https:\/\/assessoriaboren.com\/es\/quien-debe-asumir-el-pago-de-los-suministros-en-un-piso-de-alquiler\/","og_site_name":"Assessoria Bor\u00e9n","article_published_time":"2023-11-05T15:04:16+00:00","article_modified_time":"2023-11-05T15:04:18+00:00","og_image":[{"width":700,"height":500,"url":"https:\/\/assessoriaboren.com\/wp-content\/uploads\/2023\/11\/lloguer-e1699196360915.jpg","type":"image\/jpeg"}],"author":"Isabel Acevedo","twitter_card":"summary_large_image","twitter_misc":{"Escrito por":"Isabel Acevedo","Tiempo de lectura":"4 minutos"},"schema":{"@context":"https:\/\/schema.org","@graph":[{"@type":"Article","@id":"https:\/\/assessoriaboren.com\/es\/quien-debe-asumir-el-pago-de-los-suministros-en-un-piso-de-alquiler\/#article","isPartOf":{"@id":"https:\/\/assessoriaboren.com\/es\/quien-debe-asumir-el-pago-de-los-suministros-en-un-piso-de-alquiler\/"},"author":{"name":"Isabel Acevedo","@id":"https:\/\/assessoriaboren.com\/es\/#\/schema\/person\/2577e37c5f875bde02b4c0c3bb51eb07"},"headline":"\u00bfQui\u00e9n debe asumir el pago de los suministros en un piso de alquiler?","datePublished":"2023-11-05T15:04:16+00:00","dateModified":"2023-11-05T15:04:18+00:00","mainEntityOfPage":{"@id":"https:\/\/assessoriaboren.com\/es\/quien-debe-asumir-el-pago-de-los-suministros-en-un-piso-de-alquiler\/"},"wordCount":670,"commentCount":0,"publisher":{"@id":"https:\/\/assessoriaboren.com\/es\/#organization"},"image":{"@id":"https:\/\/assessoriaboren.com\/es\/quien-debe-asumir-el-pago-de-los-suministros-en-un-piso-de-alquiler\/#primaryimage"},"thumbnailUrl":"https:\/\/assessoriaboren.com\/wp-content\/uploads\/2023\/11\/lloguer-e1699196360915.jpg","keywords":["alquiler","Barcelona","comunitat de ve\u00efns"],"articleSection":["Novedades"],"inLanguage":"es","potentialAction":[{"@type":"CommentAction","name":"Comment","target":["https:\/\/assessoriaboren.com\/es\/quien-debe-asumir-el-pago-de-los-suministros-en-un-piso-de-alquiler\/#respond"]}]},{"@type":"WebPage","@id":"https:\/\/assessoriaboren.com\/es\/quien-debe-asumir-el-pago-de-los-suministros-en-un-piso-de-alquiler\/","url":"https:\/\/assessoriaboren.com\/es\/quien-debe-asumir-el-pago-de-los-suministros-en-un-piso-de-alquiler\/","name":"\u00bfQui\u00e9n debe asumir el pago de los suministros en un piso de alquiler? - Assessoria Bor\u00e9n","isPartOf":{"@id":"https:\/\/assessoriaboren.com\/es\/#website"},"primaryImageOfPage":{"@id":"https:\/\/assessoriaboren.com\/es\/quien-debe-asumir-el-pago-de-los-suministros-en-un-piso-de-alquiler\/#primaryimage"},"image":{"@id":"https:\/\/assessoriaboren.com\/es\/quien-debe-asumir-el-pago-de-los-suministros-en-un-piso-de-alquiler\/#primaryimage"},"thumbnailUrl":"https:\/\/assessoriaboren.com\/wp-content\/uploads\/2023\/11\/lloguer-e1699196360915.jpg","datePublished":"2023-11-05T15:04:16+00:00","dateModified":"2023-11-05T15:04:18+00:00","description":"\u00bfQui\u00e9n debe asumir el pago de los suministros en un piso de alquiler? En este blog explicamos c\u00f3mo incluir los suministros en el contrato","breadcrumb":{"@id":"https:\/\/assessoriaboren.com\/es\/quien-debe-asumir-el-pago-de-los-suministros-en-un-piso-de-alquiler\/#breadcrumb"},"inLanguage":"es","potentialAction":[{"@type":"ReadAction","target":["https:\/\/assessoriaboren.com\/es\/quien-debe-asumir-el-pago-de-los-suministros-en-un-piso-de-alquiler\/"]}]},{"@type":"ImageObject","inLanguage":"es","@id":"https:\/\/assessoriaboren.com\/es\/quien-debe-asumir-el-pago-de-los-suministros-en-un-piso-de-alquiler\/#primaryimage","url":"https:\/\/assessoriaboren.com\/wp-content\/uploads\/2023\/11\/lloguer-e1699196360915.jpg","contentUrl":"https:\/\/assessoriaboren.com\/wp-content\/uploads\/2023\/11\/lloguer-e1699196360915.jpg","width":700,"height":500,"caption":"suministraments del llofguer"},{"@type":"BreadcrumbList","@id":"https:\/\/assessoriaboren.com\/es\/quien-debe-asumir-el-pago-de-los-suministros-en-un-piso-de-alquiler\/#breadcrumb","itemListElement":[{"@type":"ListItem","position":1,"name":"Portada","item":"https:\/\/assessoriaboren.com\/es\/"},{"@type":"ListItem","position":2,"name":"\u00bfQui\u00e9n debe asumir el pago de los suministros en un piso de alquiler?"}]},{"@type":"WebSite","@id":"https:\/\/assessoriaboren.com\/es\/#website","url":"https:\/\/assessoriaboren.com\/es\/","name":"Assessoria Bor\u00e9n","description":"Servicios profesionales inmobiliarios de administraci\u00f3n de fincas y alquileres","publisher":{"@id":"https:\/\/assessoriaboren.com\/es\/#organization"},"potentialAction":[{"@type":"SearchAction","target":{"@type":"EntryPoint","urlTemplate":"https:\/\/assessoriaboren.com\/es\/?s={search_term_string}"},"query-input":{"@type":"PropertyValueSpecification","valueRequired":true,"valueName":"search_term_string"}}],"inLanguage":"es"},{"@type":"Organization","@id":"https:\/\/assessoriaboren.com\/es\/#organization","name":"Assesor\u00eda Bor\u00e9n","url":"https:\/\/assessoriaboren.com\/es\/","logo":{"@type":"ImageObject","inLanguage":"es","@id":"https:\/\/assessoriaboren.com\/es\/#\/schema\/logo\/image\/","url":"https:\/\/assessoriaboren.com\/wp-content\/uploads\/2022\/02\/logo-boren1.jpg","contentUrl":"https:\/\/assessoriaboren.com\/wp-content\/uploads\/2022\/02\/logo-boren1.jpg","width":300,"height":97,"caption":"Assesor\u00eda Bor\u00e9n"},"image":{"@id":"https:\/\/assessoriaboren.com\/es\/#\/schema\/logo\/image\/"}},{"@type":"Person","@id":"https:\/\/assessoriaboren.com\/es\/#\/schema\/person\/2577e37c5f875bde02b4c0c3bb51eb07","name":"Isabel Acevedo","image":{"@type":"ImageObject","inLanguage":"es","@id":"https:\/\/secure.gravatar.com\/avatar\/5936cdeb34bf02a1b8f93d5dbd481aa55d4f1110cef8053487bb9e26ecd196fc?s=96&d=mm&r=g","url":"https:\/\/secure.gravatar.com\/avatar\/5936cdeb34bf02a1b8f93d5dbd481aa55d4f1110cef8053487bb9e26ecd196fc?s=96&d=mm&r=g","contentUrl":"https:\/\/secure.gravatar.com\/avatar\/5936cdeb34bf02a1b8f93d5dbd481aa55d4f1110cef8053487bb9e26ecd196fc?s=96&d=mm&r=g","caption":"Isabel Acevedo"},"url":"https:\/\/assessoriaboren.com\/es\/author\/isacevedo\/"}]}},"_links":{"self":[{"href":"https:\/\/assessoriaboren.com\/es\/wp-json\/wp\/v2\/posts\/1730","targetHints":{"allow":["GET"]}}],"collection":[{"href":"https:\/\/assessoriaboren.com\/es\/wp-json\/wp\/v2\/posts"}],"about":[{"href":"https:\/\/assessoriaboren.com\/es\/wp-json\/wp\/v2\/types\/post"}],"author":[{"embeddable":true,"href":"https:\/\/assessoriaboren.com\/es\/wp-json\/wp\/v2\/users\/2"}],"replies":[{"embeddable":true,"href":"https:\/\/assessoriaboren.com\/es\/wp-json\/wp\/v2\/comments?post=1730"}],"version-history":[{"count":1,"href":"https:\/\/assessoriaboren.com\/es\/wp-json\/wp\/v2\/posts\/1730\/revisions"}],"predecessor-version":[{"id":1731,"href":"https:\/\/assessoriaboren.com\/es\/wp-json\/wp\/v2\/posts\/1730\/revisions\/1731"}],"wp:featuredmedia":[{"embeddable":true,"href":"https:\/\/assessoriaboren.com\/es\/wp-json\/wp\/v2\/media\/1727"}],"wp:attachment":[{"href":"https:\/\/assessoriaboren.com\/es\/wp-json\/wp\/v2\/media?parent=1730"}],"wp:term":[{"taxonomy":"category","embeddable":true,"href":"https:\/\/assessoriaboren.com\/es\/wp-json\/wp\/v2\/categories?post=1730"},{"taxonomy":"post_tag","embeddable":true,"href":"https:\/\/assessoriaboren.com\/es\/wp-json\/wp\/v2\/tags?post=1730"}],"curies":[{"name":"wp","href":"https:\/\/api.w.org\/{rel}","templated":true}]}}