{"id":1560,"date":"2022-09-15T11:49:51","date_gmt":"2022-09-15T11:49:51","guid":{"rendered":"https:\/\/assessoriaboren.com\/?p=1560"},"modified":"2022-09-15T11:59:50","modified_gmt":"2022-09-15T11:59:50","slug":"que-es-la-ite-y-cuando-hay-que-realizarla","status":"publish","type":"post","link":"https:\/\/assessoriaboren.com\/es\/que-es-la-ite-y-cuando-hay-que-realizarla\/","title":{"rendered":"\u00bfQu\u00e9 es la ITE y cu\u00e1ndo hay que realizarla?"},"content":{"rendered":"\n<p>Cuando nuestro veh\u00edculo tiene cierta edad, peri\u00f3dicamente se nos exige llevarlo a una revisi\u00f3n que certifique el buen estado del mismo. Pues, al igual que los coches tienen que pasar la ITV, los edificios tambi\u00e9n tienen que someterse a revisiones peri\u00f3dicas, para verificar su estado de conservaci\u00f3n y su seguridad constructiva. Esta<a href=\"https:\/\/web.gencat.cat\/ca\/tramits\/tramits-temes\/Inspeccio_tecnica_edificis_ITE_\" target=\"_blank\" rel=\"noreferrer noopener\"> <strong>Inspecci\u00f3n T\u00e9cnica de un Edificio<\/strong>,<\/a> m\u00e1s conocido como <strong>ITE<\/strong>, es, por tanto una comprobaci\u00f3n, una revisi\u00f3n, que se tiene que llevar a cabo en los edificios y viviendas unifamiliares.&nbsp;<\/p>\n\n\n\n<p>En <strong>Assessoria Bor\u00e9n<\/strong> recibimos constantemente a vecinos con muchas dudas sobre la ITE. Por ello, en este post queremos explicar qu\u00e9 es la ITE y cu\u00e1ndo hay que realizarla.&nbsp;<\/p>\n\n\n\n<h4 class=\"wp-block-heading\"><strong>\u00bfQu\u00e9 es la ITE?<\/strong><\/h4>\n\n\n\n<p>La ITE es la peritaci\u00f3n de un edificio o inmueble con fines administrativos, una inspecci\u00f3n realizada por un t\u00e9cnico competente que revisa todos los aspectos clave para certificar la buena conservaci\u00f3n y la seguridad del mismo. La ITE tiene por objeto determinar el estado en el momento de la inspecci\u00f3n y orientar a los propietarios en las actuaciones a realizar para cumplir el deber de conservaci\u00f3n y mantenimiento. En ning\u00fan caso tiene por objeto detectar vicios ocultos.<\/p>\n\n\n\n<p>La ITE est\u00e1 regulada por la correspondiente ordenanza municipal de Conservaci\u00f3n de Edificios, en el caso de los inmuebles de Barcelona, la regula el Ayuntamiento de la ciudad.&nbsp;<\/p>\n\n\n\n<p>Una vez obtenido el informe t\u00e9cnico, elaborado mediante el Generador de informes ITE, hay que solicitar <a href=\"https:\/\/ite.agenciahabitatge.cat\/Ite\/AppJava\/views\/login.xhtml\">a la Administraci\u00f3n el certificado de aptitud del edificio.<\/a><\/p>\n\n\n\n<p>Con posterioridad, se ha creado el Informe de Evaluaci\u00f3n de Edificios (IEE) a nivel estatal que s\u00f3lo han de realizar los edificios de uso residencial multifamiliar con m\u00e1s de 50 a\u00f1os de antig\u00fcedad.<\/p>\n\n\n\n<h4 class=\"wp-block-heading\"><strong>\u00bfQu\u00e9 edificios han de pasar la ITE?&nbsp;<\/strong><\/h4>\n\n\n\n<p>En Barcelona, todos los edificios con uso de vivienda edificados a partir de 1972, y a partir del a\u00f1o que cumplan 45 a\u00f1os. Esto es, en 2023 tendr\u00e1n que someterse a la ITE aquellos edificios construidos en 1978.&nbsp;&nbsp;<\/p>\n\n\n\n<p>Asimismo, si el edificio o las viviendas del edificio deben acogerse a programas p\u00fablicos de ayudas para el fomento de la rehabilitaci\u00f3n, sea cual sea la edad del edificio tambi\u00e9n deber\u00e1n pasar la ITE. Est\u00e1n exentos, sin embargo, los edificios para los que se haya iniciado el expediente de declaraci\u00f3n de ruina.<\/p>\n\n\n\n<p>En el caso de los edificios unifamiliares, la normativa es la misma, pero en este caso se retrasa todo 3 a\u00f1os. Es decir, aquellos edificios construidos en 1975 deber\u00e1n pasar la ITV este a\u00f1o. Y as\u00ed sucesivamente, todas las viviendas unifamiliares que cumplan 45 a\u00f1os. Los edificios de viviendas unifamiliares que dispongan de c\u00e9dula de habitabilidad vigente en el momento de alcanzar los plazos fijados en este calendario no tienen la obligaci\u00f3n de presentar el informe de la inspecci\u00f3n t\u00e9cnica del edificio hasta la fecha que caduque la c\u00e9dula.<\/p>\n\n\n\n<p>En el caso de edificios que lleven a cabo rehabilitaciones integrales, y dispongan de licencia de primera ocupaci\u00f3n, el plazo de antig\u00fcedad de 45 a\u00f1os de la obligaci\u00f3n de pasar la inspecci\u00f3n t\u00e9cnica se inicia a partir de la fecha de finalizaci\u00f3n de las obras de rehabilitaci\u00f3n integral que fije el certificado final de obra y habitabilidad.&nbsp;&nbsp;&nbsp; &nbsp;&nbsp;&nbsp; &nbsp;&nbsp;&nbsp; &nbsp;&nbsp;&nbsp; &nbsp;&nbsp;&nbsp;<\/p>\n\n\n\n<h4 class=\"wp-block-heading\"><strong>\u00bfCu\u00e1nto cuesta la inspecci\u00f3n t\u00e9cnica de edificios?<\/strong><\/h4>\n\n\n\n<p>El precio de una ITE depende de la ubicaci\u00f3n del edificio y del n\u00famero de entidades, viviendas y locales del que conste el edificio. Hay muchas casu\u00edsticas y el precio depender\u00e1 de los honorarios que considere cada t\u00e9cnico. En todo caso, este punto s\u00ed es recomendable valorarlo personalmente, contactando con su asesor en Assesoria Bor\u00e9n.&nbsp;<\/p>\n\n\n\n<h4 class=\"wp-block-heading\"><strong>\u00bfQu\u00e9 pasa si no se pasa la ITE?<\/strong><\/h4>\n\n\n\n<p>Hay que distinguir entre no pasar la ITE, es decir, no contratar a un profesional que la realice; y que el edificio no sea \u2018Apto\u2019.&nbsp;<\/p>\n\n\n\n<p>En el primer caso, existe el peligro de que la Administraci\u00f3n sancione a la Comunidad de Vecinos con una multa severa. En el segundo, administrativamente se ha hecho lo correcto y la Comunidad tiene que comprometerse a realizar las reparaciones pertinentes en el plazo que marque la Ley y el profesional redactor del informe.<\/p>\n\n\n\n<p>Y es que la ITE est\u00e1 regulada por el Real Decreto Ley 8\/2011, del 1 de julio. Este establece que para que un edificio pase la ITE, debe cumplir con los requisitos de seguridad, salubridad, accesibilidad y ornato. Adem\u00e1s, deber\u00e1n realizarse en un plazo estipulado los trabajos de mantenimiento o las reformas pertinentes. No cumplir los plazos conlleva sanciones.<\/p>\n\n\n\n<h4 class=\"wp-block-heading\"><strong>\u00bfQui\u00e9n puede realizar la inspecci\u00f3n t\u00e9cnica de edificios?<\/strong><\/h4>\n\n\n\n<p>Los profesionales que mejor conocen c\u00f3mo est\u00e1n construidos los edificios y c\u00f3mo responden a agentes atmosf\u00e9ricos y mec\u00e1nicos, as\u00ed como al mal uso, son los arquitectos y arquitectos t\u00e9cnicos, aparejadores e ingenieros de la edificaci\u00f3n.&nbsp;<\/p>\n\n\n\n<p>Pero el t\u00e9cnico encargado de realizar la inspecci\u00f3n no lo designa ning\u00fan organismo, ni viene impuesto por la Administraci\u00f3n, sino que es contratado libremente por la Comunidad de Propietarios o en su caso, el titular del edificio.&nbsp;<\/p>\n\n\n\n<p>En<strong> <a href=\"https:\/\/assessoriaboren.com\/es\/contacto\/\">Assessoria Bor\u00e9n<\/a> <\/strong>contamos con colaboradores de contrastada experiencia y trayectoria para realizar la ITE de cualquier tipo de edificio de viviendas.&nbsp;&nbsp;<\/p>\n","protected":false},"excerpt":{"rendered":"<p>Cuando nuestro veh\u00edculo tiene cierta edad, peri\u00f3dicamente se nos exige llevarlo a una revisi\u00f3n que certifique el buen estado del mismo. Pues, al igual que los coches tienen que pasar la ITV, los edificios tambi\u00e9n tienen que someterse a revisiones peri\u00f3dicas, para verificar su estado de conservaci\u00f3n y su seguridad constructiva. Esta Inspecci\u00f3n T\u00e9cnica de &#8230; <a title=\"\u00bfQu\u00e9 es la ITE y cu\u00e1ndo hay que realizarla?\" class=\"read-more\" href=\"https:\/\/assessoriaboren.com\/es\/que-es-la-ite-y-cuando-hay-que-realizarla\/\" aria-label=\"Leer m\u00e1s sobre \u00bfQu\u00e9 es la ITE y cu\u00e1ndo hay que realizarla?\">Leer m\u00e1s<\/a><\/p>\n","protected":false},"author":2,"featured_media":1561,"comment_status":"open","ping_status":"open","sticky":false,"template":"","format":"standard","meta":{"footnotes":""},"categories":[23],"tags":[91,87,89,85],"class_list":["post-1560","post","type-post","status-publish","format-standard","has-post-thumbnail","hentry","category-novedades","tag-aparejadores","tag-inspeccion-edificios","tag-inspectores","tag-ite"],"yoast_head":"<!-- This site is optimized with the Yoast SEO plugin v27.4 - https:\/\/yoast.com\/product\/yoast-seo-wordpress\/ -->\n<title>\u00bfQu\u00e9 es la ITE y cu\u00e1ndo hay que realizarla? - Assessoria Bor\u00e9n<\/title>\n<meta name=\"description\" content=\"En Assessoria Bor\u00e9n recibimos a vecinos con dudas sobre la ITE. En este post queremos explicar qu\u00e9 es la ITE y cu\u00e1ndo hay que realizarla.\u00a0\" \/>\n<meta name=\"robots\" content=\"index, follow, max-snippet:-1, max-image-preview:large, max-video-preview:-1\" \/>\n<link rel=\"canonical\" href=\"https:\/\/assessoriaboren.com\/es\/que-es-la-ite-y-cuando-hay-que-realizarla\/\" \/>\n<meta property=\"og:locale\" content=\"es_ES\" \/>\n<meta property=\"og:type\" content=\"article\" \/>\n<meta property=\"og:title\" content=\"\u00bfQu\u00e9 es la ITE y cu\u00e1ndo hay que realizarla? - Assessoria Bor\u00e9n\" \/>\n<meta property=\"og:description\" content=\"En Assessoria Bor\u00e9n recibimos a vecinos con dudas sobre la ITE. En este post queremos explicar qu\u00e9 es la ITE y cu\u00e1ndo hay que realizarla.\u00a0\" \/>\n<meta property=\"og:url\" content=\"https:\/\/assessoriaboren.com\/es\/que-es-la-ite-y-cuando-hay-que-realizarla\/\" \/>\n<meta property=\"og:site_name\" content=\"Assessoria Bor\u00e9n\" \/>\n<meta property=\"article:published_time\" content=\"2022-09-15T11:49:51+00:00\" \/>\n<meta property=\"article:modified_time\" content=\"2022-09-15T11:59:50+00:00\" \/>\n<meta property=\"og:image\" content=\"https:\/\/assessoriaboren.com\/wp-content\/uploads\/2022\/09\/ITE-edificis-e1663242677803.png\" \/>\n\t<meta property=\"og:image:width\" content=\"940\" \/>\n\t<meta property=\"og:image:height\" content=\"582\" \/>\n\t<meta property=\"og:image:type\" content=\"image\/png\" \/>\n<meta name=\"author\" content=\"Isabel Acevedo\" \/>\n<meta name=\"twitter:card\" content=\"summary_large_image\" \/>\n<meta name=\"twitter:label1\" content=\"Escrito por\" \/>\n\t<meta name=\"twitter:data1\" content=\"Isabel Acevedo\" \/>\n\t<meta name=\"twitter:label2\" content=\"Tiempo de lectura\" \/>\n\t<meta name=\"twitter:data2\" content=\"5 minutos\" \/>\n<script type=\"application\/ld+json\" class=\"yoast-schema-graph\">{\"@context\":\"https:\\\/\\\/schema.org\",\"@graph\":[{\"@type\":\"Article\",\"@id\":\"https:\\\/\\\/assessoriaboren.com\\\/es\\\/que-es-la-ite-y-cuando-hay-que-realizarla\\\/#article\",\"isPartOf\":{\"@id\":\"https:\\\/\\\/assessoriaboren.com\\\/es\\\/que-es-la-ite-y-cuando-hay-que-realizarla\\\/\"},\"author\":{\"name\":\"Isabel Acevedo\",\"@id\":\"https:\\\/\\\/assessoriaboren.com\\\/es\\\/#\\\/schema\\\/person\\\/2577e37c5f875bde02b4c0c3bb51eb07\"},\"headline\":\"\u00bfQu\u00e9 es la ITE y cu\u00e1ndo hay que realizarla?\",\"datePublished\":\"2022-09-15T11:49:51+00:00\",\"dateModified\":\"2022-09-15T11:59:50+00:00\",\"mainEntityOfPage\":{\"@id\":\"https:\\\/\\\/assessoriaboren.com\\\/es\\\/que-es-la-ite-y-cuando-hay-que-realizarla\\\/\"},\"wordCount\":936,\"commentCount\":0,\"publisher\":{\"@id\":\"https:\\\/\\\/assessoriaboren.com\\\/es\\\/#organization\"},\"image\":{\"@id\":\"https:\\\/\\\/assessoriaboren.com\\\/es\\\/que-es-la-ite-y-cuando-hay-que-realizarla\\\/#primaryimage\"},\"thumbnailUrl\":\"https:\\\/\\\/assessoriaboren.com\\\/wp-content\\\/uploads\\\/2022\\\/09\\\/ITE-edificis-e1663242677803.png\",\"keywords\":[\"aparejadores\",\"inspecci\u00f3n edificios\",\"inspectores\",\"ITE\"],\"articleSection\":[\"Novedades\"],\"inLanguage\":\"es\",\"potentialAction\":[{\"@type\":\"CommentAction\",\"name\":\"Comment\",\"target\":[\"https:\\\/\\\/assessoriaboren.com\\\/es\\\/que-es-la-ite-y-cuando-hay-que-realizarla\\\/#respond\"]}]},{\"@type\":\"WebPage\",\"@id\":\"https:\\\/\\\/assessoriaboren.com\\\/es\\\/que-es-la-ite-y-cuando-hay-que-realizarla\\\/\",\"url\":\"https:\\\/\\\/assessoriaboren.com\\\/es\\\/que-es-la-ite-y-cuando-hay-que-realizarla\\\/\",\"name\":\"\u00bfQu\u00e9 es la ITE y cu\u00e1ndo hay que realizarla? - Assessoria Bor\u00e9n\",\"isPartOf\":{\"@id\":\"https:\\\/\\\/assessoriaboren.com\\\/es\\\/#website\"},\"primaryImageOfPage\":{\"@id\":\"https:\\\/\\\/assessoriaboren.com\\\/es\\\/que-es-la-ite-y-cuando-hay-que-realizarla\\\/#primaryimage\"},\"image\":{\"@id\":\"https:\\\/\\\/assessoriaboren.com\\\/es\\\/que-es-la-ite-y-cuando-hay-que-realizarla\\\/#primaryimage\"},\"thumbnailUrl\":\"https:\\\/\\\/assessoriaboren.com\\\/wp-content\\\/uploads\\\/2022\\\/09\\\/ITE-edificis-e1663242677803.png\",\"datePublished\":\"2022-09-15T11:49:51+00:00\",\"dateModified\":\"2022-09-15T11:59:50+00:00\",\"description\":\"En Assessoria Bor\u00e9n recibimos a vecinos con dudas sobre la ITE. En este post queremos explicar qu\u00e9 es la ITE y cu\u00e1ndo hay que realizarla.\u00a0\",\"breadcrumb\":{\"@id\":\"https:\\\/\\\/assessoriaboren.com\\\/es\\\/que-es-la-ite-y-cuando-hay-que-realizarla\\\/#breadcrumb\"},\"inLanguage\":\"es\",\"potentialAction\":[{\"@type\":\"ReadAction\",\"target\":[\"https:\\\/\\\/assessoriaboren.com\\\/es\\\/que-es-la-ite-y-cuando-hay-que-realizarla\\\/\"]}]},{\"@type\":\"ImageObject\",\"inLanguage\":\"es\",\"@id\":\"https:\\\/\\\/assessoriaboren.com\\\/es\\\/que-es-la-ite-y-cuando-hay-que-realizarla\\\/#primaryimage\",\"url\":\"https:\\\/\\\/assessoriaboren.com\\\/wp-content\\\/uploads\\\/2022\\\/09\\\/ITE-edificis-e1663242677803.png\",\"contentUrl\":\"https:\\\/\\\/assessoriaboren.com\\\/wp-content\\\/uploads\\\/2022\\\/09\\\/ITE-edificis-e1663242677803.png\",\"width\":940,\"height\":582},{\"@type\":\"BreadcrumbList\",\"@id\":\"https:\\\/\\\/assessoriaboren.com\\\/es\\\/que-es-la-ite-y-cuando-hay-que-realizarla\\\/#breadcrumb\",\"itemListElement\":[{\"@type\":\"ListItem\",\"position\":1,\"name\":\"Portada\",\"item\":\"https:\\\/\\\/assessoriaboren.com\\\/es\\\/\"},{\"@type\":\"ListItem\",\"position\":2,\"name\":\"\u00bfQu\u00e9 es la ITE y cu\u00e1ndo hay que realizarla?\"}]},{\"@type\":\"WebSite\",\"@id\":\"https:\\\/\\\/assessoriaboren.com\\\/es\\\/#website\",\"url\":\"https:\\\/\\\/assessoriaboren.com\\\/es\\\/\",\"name\":\"Assessoria Bor\u00e9n\",\"description\":\"Servicios profesionales inmobiliarios de administraci\u00f3n de fincas y alquileres\",\"publisher\":{\"@id\":\"https:\\\/\\\/assessoriaboren.com\\\/es\\\/#organization\"},\"potentialAction\":[{\"@type\":\"SearchAction\",\"target\":{\"@type\":\"EntryPoint\",\"urlTemplate\":\"https:\\\/\\\/assessoriaboren.com\\\/es\\\/?s={search_term_string}\"},\"query-input\":{\"@type\":\"PropertyValueSpecification\",\"valueRequired\":true,\"valueName\":\"search_term_string\"}}],\"inLanguage\":\"es\"},{\"@type\":\"Organization\",\"@id\":\"https:\\\/\\\/assessoriaboren.com\\\/es\\\/#organization\",\"name\":\"Assesor\u00eda Bor\u00e9n\",\"url\":\"https:\\\/\\\/assessoriaboren.com\\\/es\\\/\",\"logo\":{\"@type\":\"ImageObject\",\"inLanguage\":\"es\",\"@id\":\"https:\\\/\\\/assessoriaboren.com\\\/es\\\/#\\\/schema\\\/logo\\\/image\\\/\",\"url\":\"https:\\\/\\\/assessoriaboren.com\\\/wp-content\\\/uploads\\\/2022\\\/02\\\/logo-boren1.jpg\",\"contentUrl\":\"https:\\\/\\\/assessoriaboren.com\\\/wp-content\\\/uploads\\\/2022\\\/02\\\/logo-boren1.jpg\",\"width\":300,\"height\":97,\"caption\":\"Assesor\u00eda Bor\u00e9n\"},\"image\":{\"@id\":\"https:\\\/\\\/assessoriaboren.com\\\/es\\\/#\\\/schema\\\/logo\\\/image\\\/\"}},{\"@type\":\"Person\",\"@id\":\"https:\\\/\\\/assessoriaboren.com\\\/es\\\/#\\\/schema\\\/person\\\/2577e37c5f875bde02b4c0c3bb51eb07\",\"name\":\"Isabel Acevedo\",\"image\":{\"@type\":\"ImageObject\",\"inLanguage\":\"es\",\"@id\":\"https:\\\/\\\/secure.gravatar.com\\\/avatar\\\/5936cdeb34bf02a1b8f93d5dbd481aa55d4f1110cef8053487bb9e26ecd196fc?s=96&d=mm&r=g\",\"url\":\"https:\\\/\\\/secure.gravatar.com\\\/avatar\\\/5936cdeb34bf02a1b8f93d5dbd481aa55d4f1110cef8053487bb9e26ecd196fc?s=96&d=mm&r=g\",\"contentUrl\":\"https:\\\/\\\/secure.gravatar.com\\\/avatar\\\/5936cdeb34bf02a1b8f93d5dbd481aa55d4f1110cef8053487bb9e26ecd196fc?s=96&d=mm&r=g\",\"caption\":\"Isabel Acevedo\"},\"url\":\"https:\\\/\\\/assessoriaboren.com\\\/es\\\/author\\\/isacevedo\\\/\"}]}<\/script>\n<!-- \/ Yoast SEO plugin. -->","yoast_head_json":{"title":"\u00bfQu\u00e9 es la ITE y cu\u00e1ndo hay que realizarla? - Assessoria Bor\u00e9n","description":"En Assessoria Bor\u00e9n recibimos a vecinos con dudas sobre la ITE. En este post queremos explicar qu\u00e9 es la ITE y cu\u00e1ndo hay que realizarla.\u00a0","robots":{"index":"index","follow":"follow","max-snippet":"max-snippet:-1","max-image-preview":"max-image-preview:large","max-video-preview":"max-video-preview:-1"},"canonical":"https:\/\/assessoriaboren.com\/es\/que-es-la-ite-y-cuando-hay-que-realizarla\/","og_locale":"es_ES","og_type":"article","og_title":"\u00bfQu\u00e9 es la ITE y cu\u00e1ndo hay que realizarla? - Assessoria Bor\u00e9n","og_description":"En Assessoria Bor\u00e9n recibimos a vecinos con dudas sobre la ITE. En este post queremos explicar qu\u00e9 es la ITE y cu\u00e1ndo hay que realizarla.\u00a0","og_url":"https:\/\/assessoriaboren.com\/es\/que-es-la-ite-y-cuando-hay-que-realizarla\/","og_site_name":"Assessoria Bor\u00e9n","article_published_time":"2022-09-15T11:49:51+00:00","article_modified_time":"2022-09-15T11:59:50+00:00","og_image":[{"width":940,"height":582,"url":"https:\/\/assessoriaboren.com\/wp-content\/uploads\/2022\/09\/ITE-edificis-e1663242677803.png","type":"image\/png"}],"author":"Isabel Acevedo","twitter_card":"summary_large_image","twitter_misc":{"Escrito por":"Isabel Acevedo","Tiempo de lectura":"5 minutos"},"schema":{"@context":"https:\/\/schema.org","@graph":[{"@type":"Article","@id":"https:\/\/assessoriaboren.com\/es\/que-es-la-ite-y-cuando-hay-que-realizarla\/#article","isPartOf":{"@id":"https:\/\/assessoriaboren.com\/es\/que-es-la-ite-y-cuando-hay-que-realizarla\/"},"author":{"name":"Isabel Acevedo","@id":"https:\/\/assessoriaboren.com\/es\/#\/schema\/person\/2577e37c5f875bde02b4c0c3bb51eb07"},"headline":"\u00bfQu\u00e9 es la ITE y cu\u00e1ndo hay que realizarla?","datePublished":"2022-09-15T11:49:51+00:00","dateModified":"2022-09-15T11:59:50+00:00","mainEntityOfPage":{"@id":"https:\/\/assessoriaboren.com\/es\/que-es-la-ite-y-cuando-hay-que-realizarla\/"},"wordCount":936,"commentCount":0,"publisher":{"@id":"https:\/\/assessoriaboren.com\/es\/#organization"},"image":{"@id":"https:\/\/assessoriaboren.com\/es\/que-es-la-ite-y-cuando-hay-que-realizarla\/#primaryimage"},"thumbnailUrl":"https:\/\/assessoriaboren.com\/wp-content\/uploads\/2022\/09\/ITE-edificis-e1663242677803.png","keywords":["aparejadores","inspecci\u00f3n edificios","inspectores","ITE"],"articleSection":["Novedades"],"inLanguage":"es","potentialAction":[{"@type":"CommentAction","name":"Comment","target":["https:\/\/assessoriaboren.com\/es\/que-es-la-ite-y-cuando-hay-que-realizarla\/#respond"]}]},{"@type":"WebPage","@id":"https:\/\/assessoriaboren.com\/es\/que-es-la-ite-y-cuando-hay-que-realizarla\/","url":"https:\/\/assessoriaboren.com\/es\/que-es-la-ite-y-cuando-hay-que-realizarla\/","name":"\u00bfQu\u00e9 es la ITE y cu\u00e1ndo hay que realizarla? - Assessoria Bor\u00e9n","isPartOf":{"@id":"https:\/\/assessoriaboren.com\/es\/#website"},"primaryImageOfPage":{"@id":"https:\/\/assessoriaboren.com\/es\/que-es-la-ite-y-cuando-hay-que-realizarla\/#primaryimage"},"image":{"@id":"https:\/\/assessoriaboren.com\/es\/que-es-la-ite-y-cuando-hay-que-realizarla\/#primaryimage"},"thumbnailUrl":"https:\/\/assessoriaboren.com\/wp-content\/uploads\/2022\/09\/ITE-edificis-e1663242677803.png","datePublished":"2022-09-15T11:49:51+00:00","dateModified":"2022-09-15T11:59:50+00:00","description":"En Assessoria Bor\u00e9n recibimos a vecinos con dudas sobre la ITE. En este post queremos explicar qu\u00e9 es la ITE y cu\u00e1ndo hay que realizarla.\u00a0","breadcrumb":{"@id":"https:\/\/assessoriaboren.com\/es\/que-es-la-ite-y-cuando-hay-que-realizarla\/#breadcrumb"},"inLanguage":"es","potentialAction":[{"@type":"ReadAction","target":["https:\/\/assessoriaboren.com\/es\/que-es-la-ite-y-cuando-hay-que-realizarla\/"]}]},{"@type":"ImageObject","inLanguage":"es","@id":"https:\/\/assessoriaboren.com\/es\/que-es-la-ite-y-cuando-hay-que-realizarla\/#primaryimage","url":"https:\/\/assessoriaboren.com\/wp-content\/uploads\/2022\/09\/ITE-edificis-e1663242677803.png","contentUrl":"https:\/\/assessoriaboren.com\/wp-content\/uploads\/2022\/09\/ITE-edificis-e1663242677803.png","width":940,"height":582},{"@type":"BreadcrumbList","@id":"https:\/\/assessoriaboren.com\/es\/que-es-la-ite-y-cuando-hay-que-realizarla\/#breadcrumb","itemListElement":[{"@type":"ListItem","position":1,"name":"Portada","item":"https:\/\/assessoriaboren.com\/es\/"},{"@type":"ListItem","position":2,"name":"\u00bfQu\u00e9 es la ITE y cu\u00e1ndo hay que realizarla?"}]},{"@type":"WebSite","@id":"https:\/\/assessoriaboren.com\/es\/#website","url":"https:\/\/assessoriaboren.com\/es\/","name":"Assessoria Bor\u00e9n","description":"Servicios profesionales inmobiliarios de administraci\u00f3n de fincas y alquileres","publisher":{"@id":"https:\/\/assessoriaboren.com\/es\/#organization"},"potentialAction":[{"@type":"SearchAction","target":{"@type":"EntryPoint","urlTemplate":"https:\/\/assessoriaboren.com\/es\/?s={search_term_string}"},"query-input":{"@type":"PropertyValueSpecification","valueRequired":true,"valueName":"search_term_string"}}],"inLanguage":"es"},{"@type":"Organization","@id":"https:\/\/assessoriaboren.com\/es\/#organization","name":"Assesor\u00eda Bor\u00e9n","url":"https:\/\/assessoriaboren.com\/es\/","logo":{"@type":"ImageObject","inLanguage":"es","@id":"https:\/\/assessoriaboren.com\/es\/#\/schema\/logo\/image\/","url":"https:\/\/assessoriaboren.com\/wp-content\/uploads\/2022\/02\/logo-boren1.jpg","contentUrl":"https:\/\/assessoriaboren.com\/wp-content\/uploads\/2022\/02\/logo-boren1.jpg","width":300,"height":97,"caption":"Assesor\u00eda Bor\u00e9n"},"image":{"@id":"https:\/\/assessoriaboren.com\/es\/#\/schema\/logo\/image\/"}},{"@type":"Person","@id":"https:\/\/assessoriaboren.com\/es\/#\/schema\/person\/2577e37c5f875bde02b4c0c3bb51eb07","name":"Isabel Acevedo","image":{"@type":"ImageObject","inLanguage":"es","@id":"https:\/\/secure.gravatar.com\/avatar\/5936cdeb34bf02a1b8f93d5dbd481aa55d4f1110cef8053487bb9e26ecd196fc?s=96&d=mm&r=g","url":"https:\/\/secure.gravatar.com\/avatar\/5936cdeb34bf02a1b8f93d5dbd481aa55d4f1110cef8053487bb9e26ecd196fc?s=96&d=mm&r=g","contentUrl":"https:\/\/secure.gravatar.com\/avatar\/5936cdeb34bf02a1b8f93d5dbd481aa55d4f1110cef8053487bb9e26ecd196fc?s=96&d=mm&r=g","caption":"Isabel Acevedo"},"url":"https:\/\/assessoriaboren.com\/es\/author\/isacevedo\/"}]}},"_links":{"self":[{"href":"https:\/\/assessoriaboren.com\/es\/wp-json\/wp\/v2\/posts\/1560","targetHints":{"allow":["GET"]}}],"collection":[{"href":"https:\/\/assessoriaboren.com\/es\/wp-json\/wp\/v2\/posts"}],"about":[{"href":"https:\/\/assessoriaboren.com\/es\/wp-json\/wp\/v2\/types\/post"}],"author":[{"embeddable":true,"href":"https:\/\/assessoriaboren.com\/es\/wp-json\/wp\/v2\/users\/2"}],"replies":[{"embeddable":true,"href":"https:\/\/assessoriaboren.com\/es\/wp-json\/wp\/v2\/comments?post=1560"}],"version-history":[{"count":3,"href":"https:\/\/assessoriaboren.com\/es\/wp-json\/wp\/v2\/posts\/1560\/revisions"}],"predecessor-version":[{"id":1566,"href":"https:\/\/assessoriaboren.com\/es\/wp-json\/wp\/v2\/posts\/1560\/revisions\/1566"}],"wp:featuredmedia":[{"embeddable":true,"href":"https:\/\/assessoriaboren.com\/es\/wp-json\/wp\/v2\/media\/1561"}],"wp:attachment":[{"href":"https:\/\/assessoriaboren.com\/es\/wp-json\/wp\/v2\/media?parent=1560"}],"wp:term":[{"taxonomy":"category","embeddable":true,"href":"https:\/\/assessoriaboren.com\/es\/wp-json\/wp\/v2\/categories?post=1560"},{"taxonomy":"post_tag","embeddable":true,"href":"https:\/\/assessoriaboren.com\/es\/wp-json\/wp\/v2\/tags?post=1560"}],"curies":[{"name":"wp","href":"https:\/\/api.w.org\/{rel}","templated":true}]}}