{"id":1536,"date":"2022-07-13T15:34:23","date_gmt":"2022-07-13T15:34:23","guid":{"rendered":"https:\/\/assessoriaboren.com\/?p=1536"},"modified":"2022-09-15T12:00:54","modified_gmt":"2022-09-15T12:00:54","slug":"se-puede-cambiar-o-colocar-el-toldo-de-tu-balcon-como-quieras","status":"publish","type":"post","link":"https:\/\/assessoriaboren.com\/es\/se-puede-cambiar-o-colocar-el-toldo-de-tu-balcon-como-quieras\/","title":{"rendered":"\u00bfSe puede cambiar o colocar el toldo de tu balc\u00f3n como quieras?"},"content":{"rendered":"\n<p>Seguramente alguna vez te lo habr\u00e1s planteado: \u201csi pongo uno nuevo o cambio el toldo del balc\u00f3n, \u00bfc\u00f3mo lo tengo que poner?\u201d. Y es que, los toldos son, posiblemente, los elementos m\u00e1s vistosos de los edificios. Pero en este tema, no todo se vale.&nbsp;<\/p>\n\n\n\n<p>Desde <strong>Assessoria Bor\u00e9n <\/strong>sabemos que a veces las normativas y las leyes no siempre se entienden. Por eso, en este post queremos explicar de forma muy sencilla lo que indica la normativa e instalaci\u00f3n de toldos en una comunidad de propietarios, los art\u00edculos m\u00e1s importantes de la <a href=\"https:\/\/www.boe.es\/buscar\/act.php?id=BOE-A-1960-10906\" target=\"_blank\" rel=\"noreferrer noopener\">Ley de Propiedad Horizontal,<\/a> en qu\u00e9 consiste la normativa europea UNE-EN 13561 y las penalizaciones en caso de colocar un toldo sin consentimiento de la comunidad de vecinos.<\/p>\n\n\n\n<h3 class=\"wp-block-heading\"><strong>Ley de propiedad horizontal<\/strong><\/h3>\n\n\n\n<p>C\u00f3mo en otros muchos temas relacionados con las viviendas de una comunidad de propietarios, se tiene que conocer la normativa. En este caso, la relacionada con la instalaci\u00f3n de toldos. Tambi\u00e9n se tiene que contar con el permiso de la comunidad de vecinos cuando los cambios afectan la est\u00e9tica y\/o estructura del edificio. Esta normativa est\u00e1 regulada en la Ley de Propiedad Horizontal. En esta Ley, adem\u00e1s, se informa que antes de hacer cualquier cambio es imprescindible contar con el consentimiento de la comunidad de los vecinos y de la administraci\u00f3n.<\/p>\n\n\n\n<p>En concreto, en su art\u00edculo 7.1, dice que<strong> el propietario de la vivienda puede cambiar los elementos o instalaciones <\/strong>siempre que<strong> no altere la estructura general del edificio ni tampoco da\u00f1e la estructura de sus vecinos.<\/strong> Tambi\u00e9n tiene que avisar al presidente de la comunidad. Y, en caso de tener que hacer cambios por motivos urgentes, tendr\u00e1 que ponerse en contacto con la administraci\u00f3n.<\/p>\n\n\n\n<h3 class=\"wp-block-heading\"><strong>Qu\u00e9 dice la normativa sobre los toldos&nbsp;<\/strong><\/h3>\n\n\n\n<p>Es importante tambi\u00e9n saber si Comunidad de Vecinos tiene una normativa al respeto. En caso de que esta normativa sobre las caracter\u00edsticas de los toldos existiera, el art\u00edculo 17.4 de la Ley de Propiedad Horizontal indica el siguiente: \u201cNing\u00fan propietario podr\u00e1 exigir nuevas instalaciones, servicios o mejoras no requeridos para la adecuada conservaci\u00f3n, habitabilidad, seguridad y accesibilidad del inmueble, seg\u00fan su naturaleza y caracter\u00edsticas\u201d.<\/p>\n\n\n\n<p>Pero si, a pesar de la normativa de la Comunidad de Vecinos, el propietario contin\u00faa queriendo cambiar el toldo, la modificaci\u00f3n tendr\u00eda que ser aprobada por unanimidad, como indica el art\u00edculo 17.6 de la Ley de Propiedad Horizontal.<\/p>\n\n\n\n<p>En el supuesto de que la Comunidad de Vecinos no tenga ninguna norma o documentaci\u00f3n indicando las caracter\u00edsticas del toldo, el art\u00edculo 16.2 de la Ley de Propiedad Horizontal, indica que el propietario que quiere cambiar el toldo tendr\u00e1 que comunicarlo por escrito al presidente\/a de la Comunidad. Este\/a se encargar\u00e1 de apuntarlo en el orden del d\u00eda de la siguiente Junta que vaya a realizarse para ponerlo en com\u00fan.&nbsp;<\/p>\n\n\n\n<h3 class=\"wp-block-heading\">\u00bf<strong>Y si un vecino coloca un toldo sin consentimiento?<\/strong><\/h3>\n\n\n\n<p>En el supuesto de que un vecino no haya conseguido el consentimiento y la aprobaci\u00f3n de la junta de vecinos y act\u00fae sin consentimiento, la administraci\u00f3n local o la comunidad de vecinos pueden tomar cartas en el asunto. Entre las penalizaciones que se te impondr\u00e1n est\u00e1n pagar una sanci\u00f3n econ\u00f3mica o quitar el toldo.<\/p>\n\n\n\n<p>La cosa puede empeorar si directamente ha colocado un toldo sin permiso y adem\u00e1s, diferente a los toldos del resto de los propietarios. En este caso, la comunidad de vecinos puede tomar acciones judiciales, puesto que la decisi\u00f3n del propietario altera el estado de la fachada.<\/p>\n\n\n\n<p>&nbsp;En <strong>Assessoria Bor\u00e9n<\/strong> contamos con un equipo de profesionales especializados en la gesti\u00f3n de comunidades. Te asesoramos y te ayudamos a mejorar tanto la calidad de tu edificio como de tu vida. Ponte en contacto para saber m\u00e1s sobre nuestros servicios.<\/p>\n","protected":false},"excerpt":{"rendered":"<p>Seguramente alguna vez te lo habr\u00e1s planteado: \u201csi pongo uno nuevo o cambio el toldo del balc\u00f3n, \u00bfc\u00f3mo lo tengo que poner?\u201d. Y es que, los toldos son, posiblemente, los elementos m\u00e1s vistosos de los edificios. Pero en este tema, no todo se vale.&nbsp; Desde Assessoria Bor\u00e9n sabemos que a veces las normativas y las &#8230; <a title=\"\u00bfSe puede cambiar o colocar el toldo de tu balc\u00f3n como quieras?\" class=\"read-more\" href=\"https:\/\/assessoriaboren.com\/es\/se-puede-cambiar-o-colocar-el-toldo-de-tu-balcon-como-quieras\/\" aria-label=\"Leer m\u00e1s sobre \u00bfSe puede cambiar o colocar el toldo de tu balc\u00f3n como quieras?\">Leer m\u00e1s<\/a><\/p>\n","protected":false},"author":2,"featured_media":1533,"comment_status":"open","ping_status":"open","sticky":false,"template":"","format":"standard","meta":{"footnotes":""},"categories":[23],"tags":[46],"class_list":["post-1536","post","type-post","status-publish","format-standard","has-post-thumbnail","hentry","category-novedades","tag-comunitat-de-veins-es"],"yoast_head":"<!-- This site is optimized with the Yoast SEO plugin v27.4 - https:\/\/yoast.com\/product\/yoast-seo-wordpress\/ -->\n<title>\u00bfSe puede cambiar o colocar el toldo de tu balc\u00f3n como quieras? -<\/title>\n<meta name=\"description\" content=\"Para cambiar o colocar un toldo en el balc\u00f3n hay que conocer la normativa de la Comunidad de Vecinos y regirse por la Ley\" \/>\n<meta name=\"robots\" content=\"index, follow, max-snippet:-1, max-image-preview:large, max-video-preview:-1\" \/>\n<link rel=\"canonical\" href=\"https:\/\/assessoriaboren.com\/es\/se-puede-cambiar-o-colocar-el-toldo-de-tu-balcon-como-quieras\/\" \/>\n<meta property=\"og:locale\" content=\"es_ES\" \/>\n<meta property=\"og:type\" content=\"article\" \/>\n<meta property=\"og:title\" content=\"\u00bfSe puede cambiar o colocar el toldo de tu balc\u00f3n como quieras? -\" \/>\n<meta property=\"og:description\" content=\"Para cambiar o colocar un toldo en el balc\u00f3n hay que conocer la normativa de la Comunidad de Vecinos y regirse por la Ley\" \/>\n<meta property=\"og:url\" content=\"https:\/\/assessoriaboren.com\/es\/se-puede-cambiar-o-colocar-el-toldo-de-tu-balcon-como-quieras\/\" \/>\n<meta property=\"og:site_name\" content=\"Assessoria Bor\u00e9n\" \/>\n<meta property=\"article:published_time\" content=\"2022-07-13T15:34:23+00:00\" \/>\n<meta property=\"article:modified_time\" content=\"2022-09-15T12:00:54+00:00\" \/>\n<meta property=\"og:image\" content=\"https:\/\/assessoriaboren.com\/wp-content\/uploads\/2022\/07\/tendals-e1657725671877.jpg\" \/>\n\t<meta property=\"og:image:width\" content=\"1000\" \/>\n\t<meta property=\"og:image:height\" content=\"540\" \/>\n\t<meta property=\"og:image:type\" content=\"image\/jpeg\" \/>\n<meta name=\"author\" content=\"Isabel Acevedo\" \/>\n<meta name=\"twitter:card\" content=\"summary_large_image\" \/>\n<meta name=\"twitter:label1\" content=\"Escrito por\" \/>\n\t<meta name=\"twitter:data1\" content=\"Isabel Acevedo\" \/>\n\t<meta name=\"twitter:label2\" content=\"Tiempo de lectura\" \/>\n\t<meta name=\"twitter:data2\" content=\"4 minutos\" \/>\n<script type=\"application\/ld+json\" class=\"yoast-schema-graph\">{\"@context\":\"https:\\\/\\\/schema.org\",\"@graph\":[{\"@type\":\"Article\",\"@id\":\"https:\\\/\\\/assessoriaboren.com\\\/es\\\/se-puede-cambiar-o-colocar-el-toldo-de-tu-balcon-como-quieras\\\/#article\",\"isPartOf\":{\"@id\":\"https:\\\/\\\/assessoriaboren.com\\\/es\\\/se-puede-cambiar-o-colocar-el-toldo-de-tu-balcon-como-quieras\\\/\"},\"author\":{\"name\":\"Isabel Acevedo\",\"@id\":\"https:\\\/\\\/assessoriaboren.com\\\/es\\\/#\\\/schema\\\/person\\\/2577e37c5f875bde02b4c0c3bb51eb07\"},\"headline\":\"\u00bfSe puede cambiar o colocar el toldo de tu balc\u00f3n como quieras?\",\"datePublished\":\"2022-07-13T15:34:23+00:00\",\"dateModified\":\"2022-09-15T12:00:54+00:00\",\"mainEntityOfPage\":{\"@id\":\"https:\\\/\\\/assessoriaboren.com\\\/es\\\/se-puede-cambiar-o-colocar-el-toldo-de-tu-balcon-como-quieras\\\/\"},\"wordCount\":668,\"commentCount\":0,\"publisher\":{\"@id\":\"https:\\\/\\\/assessoriaboren.com\\\/es\\\/#organization\"},\"image\":{\"@id\":\"https:\\\/\\\/assessoriaboren.com\\\/es\\\/se-puede-cambiar-o-colocar-el-toldo-de-tu-balcon-como-quieras\\\/#primaryimage\"},\"thumbnailUrl\":\"https:\\\/\\\/assessoriaboren.com\\\/wp-content\\\/uploads\\\/2022\\\/07\\\/tendals-e1657725671877.jpg\",\"keywords\":[\"comunitat de ve\u00efns\"],\"articleSection\":[\"Novedades\"],\"inLanguage\":\"es\",\"potentialAction\":[{\"@type\":\"CommentAction\",\"name\":\"Comment\",\"target\":[\"https:\\\/\\\/assessoriaboren.com\\\/es\\\/se-puede-cambiar-o-colocar-el-toldo-de-tu-balcon-como-quieras\\\/#respond\"]}]},{\"@type\":\"WebPage\",\"@id\":\"https:\\\/\\\/assessoriaboren.com\\\/es\\\/se-puede-cambiar-o-colocar-el-toldo-de-tu-balcon-como-quieras\\\/\",\"url\":\"https:\\\/\\\/assessoriaboren.com\\\/es\\\/se-puede-cambiar-o-colocar-el-toldo-de-tu-balcon-como-quieras\\\/\",\"name\":\"\u00bfSe puede cambiar o colocar el toldo de tu balc\u00f3n como quieras? -\",\"isPartOf\":{\"@id\":\"https:\\\/\\\/assessoriaboren.com\\\/es\\\/#website\"},\"primaryImageOfPage\":{\"@id\":\"https:\\\/\\\/assessoriaboren.com\\\/es\\\/se-puede-cambiar-o-colocar-el-toldo-de-tu-balcon-como-quieras\\\/#primaryimage\"},\"image\":{\"@id\":\"https:\\\/\\\/assessoriaboren.com\\\/es\\\/se-puede-cambiar-o-colocar-el-toldo-de-tu-balcon-como-quieras\\\/#primaryimage\"},\"thumbnailUrl\":\"https:\\\/\\\/assessoriaboren.com\\\/wp-content\\\/uploads\\\/2022\\\/07\\\/tendals-e1657725671877.jpg\",\"datePublished\":\"2022-07-13T15:34:23+00:00\",\"dateModified\":\"2022-09-15T12:00:54+00:00\",\"description\":\"Para cambiar o colocar un toldo en el balc\u00f3n hay que conocer la normativa de la Comunidad de Vecinos y regirse por la Ley\",\"breadcrumb\":{\"@id\":\"https:\\\/\\\/assessoriaboren.com\\\/es\\\/se-puede-cambiar-o-colocar-el-toldo-de-tu-balcon-como-quieras\\\/#breadcrumb\"},\"inLanguage\":\"es\",\"potentialAction\":[{\"@type\":\"ReadAction\",\"target\":[\"https:\\\/\\\/assessoriaboren.com\\\/es\\\/se-puede-cambiar-o-colocar-el-toldo-de-tu-balcon-como-quieras\\\/\"]}]},{\"@type\":\"ImageObject\",\"inLanguage\":\"es\",\"@id\":\"https:\\\/\\\/assessoriaboren.com\\\/es\\\/se-puede-cambiar-o-colocar-el-toldo-de-tu-balcon-como-quieras\\\/#primaryimage\",\"url\":\"https:\\\/\\\/assessoriaboren.com\\\/wp-content\\\/uploads\\\/2022\\\/07\\\/tendals-e1657725671877.jpg\",\"contentUrl\":\"https:\\\/\\\/assessoriaboren.com\\\/wp-content\\\/uploads\\\/2022\\\/07\\\/tendals-e1657725671877.jpg\",\"width\":1000,\"height\":540},{\"@type\":\"BreadcrumbList\",\"@id\":\"https:\\\/\\\/assessoriaboren.com\\\/es\\\/se-puede-cambiar-o-colocar-el-toldo-de-tu-balcon-como-quieras\\\/#breadcrumb\",\"itemListElement\":[{\"@type\":\"ListItem\",\"position\":1,\"name\":\"Portada\",\"item\":\"https:\\\/\\\/assessoriaboren.com\\\/es\\\/\"},{\"@type\":\"ListItem\",\"position\":2,\"name\":\"\u00bfSe puede cambiar o colocar el toldo de tu balc\u00f3n como quieras?\"}]},{\"@type\":\"WebSite\",\"@id\":\"https:\\\/\\\/assessoriaboren.com\\\/es\\\/#website\",\"url\":\"https:\\\/\\\/assessoriaboren.com\\\/es\\\/\",\"name\":\"Assessoria Bor\u00e9n\",\"description\":\"Servicios profesionales inmobiliarios de administraci\u00f3n de fincas y alquileres\",\"publisher\":{\"@id\":\"https:\\\/\\\/assessoriaboren.com\\\/es\\\/#organization\"},\"potentialAction\":[{\"@type\":\"SearchAction\",\"target\":{\"@type\":\"EntryPoint\",\"urlTemplate\":\"https:\\\/\\\/assessoriaboren.com\\\/es\\\/?s={search_term_string}\"},\"query-input\":{\"@type\":\"PropertyValueSpecification\",\"valueRequired\":true,\"valueName\":\"search_term_string\"}}],\"inLanguage\":\"es\"},{\"@type\":\"Organization\",\"@id\":\"https:\\\/\\\/assessoriaboren.com\\\/es\\\/#organization\",\"name\":\"Assesor\u00eda Bor\u00e9n\",\"url\":\"https:\\\/\\\/assessoriaboren.com\\\/es\\\/\",\"logo\":{\"@type\":\"ImageObject\",\"inLanguage\":\"es\",\"@id\":\"https:\\\/\\\/assessoriaboren.com\\\/es\\\/#\\\/schema\\\/logo\\\/image\\\/\",\"url\":\"https:\\\/\\\/assessoriaboren.com\\\/wp-content\\\/uploads\\\/2022\\\/02\\\/logo-boren1.jpg\",\"contentUrl\":\"https:\\\/\\\/assessoriaboren.com\\\/wp-content\\\/uploads\\\/2022\\\/02\\\/logo-boren1.jpg\",\"width\":300,\"height\":97,\"caption\":\"Assesor\u00eda Bor\u00e9n\"},\"image\":{\"@id\":\"https:\\\/\\\/assessoriaboren.com\\\/es\\\/#\\\/schema\\\/logo\\\/image\\\/\"}},{\"@type\":\"Person\",\"@id\":\"https:\\\/\\\/assessoriaboren.com\\\/es\\\/#\\\/schema\\\/person\\\/2577e37c5f875bde02b4c0c3bb51eb07\",\"name\":\"Isabel Acevedo\",\"image\":{\"@type\":\"ImageObject\",\"inLanguage\":\"es\",\"@id\":\"https:\\\/\\\/secure.gravatar.com\\\/avatar\\\/5936cdeb34bf02a1b8f93d5dbd481aa55d4f1110cef8053487bb9e26ecd196fc?s=96&d=mm&r=g\",\"url\":\"https:\\\/\\\/secure.gravatar.com\\\/avatar\\\/5936cdeb34bf02a1b8f93d5dbd481aa55d4f1110cef8053487bb9e26ecd196fc?s=96&d=mm&r=g\",\"contentUrl\":\"https:\\\/\\\/secure.gravatar.com\\\/avatar\\\/5936cdeb34bf02a1b8f93d5dbd481aa55d4f1110cef8053487bb9e26ecd196fc?s=96&d=mm&r=g\",\"caption\":\"Isabel Acevedo\"},\"url\":\"https:\\\/\\\/assessoriaboren.com\\\/es\\\/author\\\/isacevedo\\\/\"}]}<\/script>\n<!-- \/ Yoast SEO plugin. -->","yoast_head_json":{"title":"\u00bfSe puede cambiar o colocar el toldo de tu balc\u00f3n como quieras? -","description":"Para cambiar o colocar un toldo en el balc\u00f3n hay que conocer la normativa de la Comunidad de Vecinos y regirse por la Ley","robots":{"index":"index","follow":"follow","max-snippet":"max-snippet:-1","max-image-preview":"max-image-preview:large","max-video-preview":"max-video-preview:-1"},"canonical":"https:\/\/assessoriaboren.com\/es\/se-puede-cambiar-o-colocar-el-toldo-de-tu-balcon-como-quieras\/","og_locale":"es_ES","og_type":"article","og_title":"\u00bfSe puede cambiar o colocar el toldo de tu balc\u00f3n como quieras? -","og_description":"Para cambiar o colocar un toldo en el balc\u00f3n hay que conocer la normativa de la Comunidad de Vecinos y regirse por la Ley","og_url":"https:\/\/assessoriaboren.com\/es\/se-puede-cambiar-o-colocar-el-toldo-de-tu-balcon-como-quieras\/","og_site_name":"Assessoria Bor\u00e9n","article_published_time":"2022-07-13T15:34:23+00:00","article_modified_time":"2022-09-15T12:00:54+00:00","og_image":[{"width":1000,"height":540,"url":"https:\/\/assessoriaboren.com\/wp-content\/uploads\/2022\/07\/tendals-e1657725671877.jpg","type":"image\/jpeg"}],"author":"Isabel Acevedo","twitter_card":"summary_large_image","twitter_misc":{"Escrito por":"Isabel Acevedo","Tiempo de lectura":"4 minutos"},"schema":{"@context":"https:\/\/schema.org","@graph":[{"@type":"Article","@id":"https:\/\/assessoriaboren.com\/es\/se-puede-cambiar-o-colocar-el-toldo-de-tu-balcon-como-quieras\/#article","isPartOf":{"@id":"https:\/\/assessoriaboren.com\/es\/se-puede-cambiar-o-colocar-el-toldo-de-tu-balcon-como-quieras\/"},"author":{"name":"Isabel Acevedo","@id":"https:\/\/assessoriaboren.com\/es\/#\/schema\/person\/2577e37c5f875bde02b4c0c3bb51eb07"},"headline":"\u00bfSe puede cambiar o colocar el toldo de tu balc\u00f3n como quieras?","datePublished":"2022-07-13T15:34:23+00:00","dateModified":"2022-09-15T12:00:54+00:00","mainEntityOfPage":{"@id":"https:\/\/assessoriaboren.com\/es\/se-puede-cambiar-o-colocar-el-toldo-de-tu-balcon-como-quieras\/"},"wordCount":668,"commentCount":0,"publisher":{"@id":"https:\/\/assessoriaboren.com\/es\/#organization"},"image":{"@id":"https:\/\/assessoriaboren.com\/es\/se-puede-cambiar-o-colocar-el-toldo-de-tu-balcon-como-quieras\/#primaryimage"},"thumbnailUrl":"https:\/\/assessoriaboren.com\/wp-content\/uploads\/2022\/07\/tendals-e1657725671877.jpg","keywords":["comunitat de ve\u00efns"],"articleSection":["Novedades"],"inLanguage":"es","potentialAction":[{"@type":"CommentAction","name":"Comment","target":["https:\/\/assessoriaboren.com\/es\/se-puede-cambiar-o-colocar-el-toldo-de-tu-balcon-como-quieras\/#respond"]}]},{"@type":"WebPage","@id":"https:\/\/assessoriaboren.com\/es\/se-puede-cambiar-o-colocar-el-toldo-de-tu-balcon-como-quieras\/","url":"https:\/\/assessoriaboren.com\/es\/se-puede-cambiar-o-colocar-el-toldo-de-tu-balcon-como-quieras\/","name":"\u00bfSe puede cambiar o colocar el toldo de tu balc\u00f3n como quieras? -","isPartOf":{"@id":"https:\/\/assessoriaboren.com\/es\/#website"},"primaryImageOfPage":{"@id":"https:\/\/assessoriaboren.com\/es\/se-puede-cambiar-o-colocar-el-toldo-de-tu-balcon-como-quieras\/#primaryimage"},"image":{"@id":"https:\/\/assessoriaboren.com\/es\/se-puede-cambiar-o-colocar-el-toldo-de-tu-balcon-como-quieras\/#primaryimage"},"thumbnailUrl":"https:\/\/assessoriaboren.com\/wp-content\/uploads\/2022\/07\/tendals-e1657725671877.jpg","datePublished":"2022-07-13T15:34:23+00:00","dateModified":"2022-09-15T12:00:54+00:00","description":"Para cambiar o colocar un toldo en el balc\u00f3n hay que conocer la normativa de la Comunidad de Vecinos y regirse por la Ley","breadcrumb":{"@id":"https:\/\/assessoriaboren.com\/es\/se-puede-cambiar-o-colocar-el-toldo-de-tu-balcon-como-quieras\/#breadcrumb"},"inLanguage":"es","potentialAction":[{"@type":"ReadAction","target":["https:\/\/assessoriaboren.com\/es\/se-puede-cambiar-o-colocar-el-toldo-de-tu-balcon-como-quieras\/"]}]},{"@type":"ImageObject","inLanguage":"es","@id":"https:\/\/assessoriaboren.com\/es\/se-puede-cambiar-o-colocar-el-toldo-de-tu-balcon-como-quieras\/#primaryimage","url":"https:\/\/assessoriaboren.com\/wp-content\/uploads\/2022\/07\/tendals-e1657725671877.jpg","contentUrl":"https:\/\/assessoriaboren.com\/wp-content\/uploads\/2022\/07\/tendals-e1657725671877.jpg","width":1000,"height":540},{"@type":"BreadcrumbList","@id":"https:\/\/assessoriaboren.com\/es\/se-puede-cambiar-o-colocar-el-toldo-de-tu-balcon-como-quieras\/#breadcrumb","itemListElement":[{"@type":"ListItem","position":1,"name":"Portada","item":"https:\/\/assessoriaboren.com\/es\/"},{"@type":"ListItem","position":2,"name":"\u00bfSe puede cambiar o colocar el toldo de tu balc\u00f3n como quieras?"}]},{"@type":"WebSite","@id":"https:\/\/assessoriaboren.com\/es\/#website","url":"https:\/\/assessoriaboren.com\/es\/","name":"Assessoria Bor\u00e9n","description":"Servicios profesionales inmobiliarios de administraci\u00f3n de fincas y alquileres","publisher":{"@id":"https:\/\/assessoriaboren.com\/es\/#organization"},"potentialAction":[{"@type":"SearchAction","target":{"@type":"EntryPoint","urlTemplate":"https:\/\/assessoriaboren.com\/es\/?s={search_term_string}"},"query-input":{"@type":"PropertyValueSpecification","valueRequired":true,"valueName":"search_term_string"}}],"inLanguage":"es"},{"@type":"Organization","@id":"https:\/\/assessoriaboren.com\/es\/#organization","name":"Assesor\u00eda Bor\u00e9n","url":"https:\/\/assessoriaboren.com\/es\/","logo":{"@type":"ImageObject","inLanguage":"es","@id":"https:\/\/assessoriaboren.com\/es\/#\/schema\/logo\/image\/","url":"https:\/\/assessoriaboren.com\/wp-content\/uploads\/2022\/02\/logo-boren1.jpg","contentUrl":"https:\/\/assessoriaboren.com\/wp-content\/uploads\/2022\/02\/logo-boren1.jpg","width":300,"height":97,"caption":"Assesor\u00eda Bor\u00e9n"},"image":{"@id":"https:\/\/assessoriaboren.com\/es\/#\/schema\/logo\/image\/"}},{"@type":"Person","@id":"https:\/\/assessoriaboren.com\/es\/#\/schema\/person\/2577e37c5f875bde02b4c0c3bb51eb07","name":"Isabel Acevedo","image":{"@type":"ImageObject","inLanguage":"es","@id":"https:\/\/secure.gravatar.com\/avatar\/5936cdeb34bf02a1b8f93d5dbd481aa55d4f1110cef8053487bb9e26ecd196fc?s=96&d=mm&r=g","url":"https:\/\/secure.gravatar.com\/avatar\/5936cdeb34bf02a1b8f93d5dbd481aa55d4f1110cef8053487bb9e26ecd196fc?s=96&d=mm&r=g","contentUrl":"https:\/\/secure.gravatar.com\/avatar\/5936cdeb34bf02a1b8f93d5dbd481aa55d4f1110cef8053487bb9e26ecd196fc?s=96&d=mm&r=g","caption":"Isabel Acevedo"},"url":"https:\/\/assessoriaboren.com\/es\/author\/isacevedo\/"}]}},"_links":{"self":[{"href":"https:\/\/assessoriaboren.com\/es\/wp-json\/wp\/v2\/posts\/1536","targetHints":{"allow":["GET"]}}],"collection":[{"href":"https:\/\/assessoriaboren.com\/es\/wp-json\/wp\/v2\/posts"}],"about":[{"href":"https:\/\/assessoriaboren.com\/es\/wp-json\/wp\/v2\/types\/post"}],"author":[{"embeddable":true,"href":"https:\/\/assessoriaboren.com\/es\/wp-json\/wp\/v2\/users\/2"}],"replies":[{"embeddable":true,"href":"https:\/\/assessoriaboren.com\/es\/wp-json\/wp\/v2\/comments?post=1536"}],"version-history":[{"count":2,"href":"https:\/\/assessoriaboren.com\/es\/wp-json\/wp\/v2\/posts\/1536\/revisions"}],"predecessor-version":[{"id":1567,"href":"https:\/\/assessoriaboren.com\/es\/wp-json\/wp\/v2\/posts\/1536\/revisions\/1567"}],"wp:featuredmedia":[{"embeddable":true,"href":"https:\/\/assessoriaboren.com\/es\/wp-json\/wp\/v2\/media\/1533"}],"wp:attachment":[{"href":"https:\/\/assessoriaboren.com\/es\/wp-json\/wp\/v2\/media?parent=1536"}],"wp:term":[{"taxonomy":"category","embeddable":true,"href":"https:\/\/assessoriaboren.com\/es\/wp-json\/wp\/v2\/categories?post=1536"},{"taxonomy":"post_tag","embeddable":true,"href":"https:\/\/assessoriaboren.com\/es\/wp-json\/wp\/v2\/tags?post=1536"}],"curies":[{"name":"wp","href":"https:\/\/api.w.org\/{rel}","templated":true}]}}